{"id":87395,"date":"2020-05-31T14:25:07","date_gmt":"2020-05-31T18:25:07","guid":{"rendered":"https:\/\/linitiative.ca\/International\/projet-de-loi-de-finance-rectificative-une-mesure-phare-en-vue\/"},"modified":"2020-05-31T14:25:07","modified_gmt":"2020-05-31T18:25:07","slug":"projet-de-loi-de-finance-rectificative-une-mesure-phare-en-vue","status":"publish","type":"post","link":"https:\/\/linitiative.ca\/International\/projet-de-loi-de-finance-rectificative-une-mesure-phare-en-vue\/","title":{"rendered":"Projet de Loi de finance rectificative: une mesure phare en vue"},"content":{"rendered":"<p><strong>D\u2019apr\u00e8s les premi\u00e8res informations auxquelles Challenge a pu acc\u00e9der, le Projet de loi de finances rectificative (PLFR), en cours d\u2019\u00e9laboration, contient une mesure phare qui devrait bouleverser la fiscalit\u00e9 des toutes petites entreprises (TPE) assujetties au r\u00e9gime du forfait, en mati\u00e8re d\u2019IR.<\/strong><\/p>\n<div class=\"c10\"\/>\n<p>En effet, dans sa premi\u00e8re mouture, le <strong>Projet de Loi de Finances Rectificative<\/strong> pr\u00e9voit l\u2019institution d\u2019une contribution professionnelle unique (CPU) adapt\u00e9e aux personnes physiques dont le revenu professionnel est d\u00e9termin\u00e9 selon le r\u00e9gime du b\u00e9n\u00e9fice forfaitaire (BF), un r\u00e9gime souvent per\u00e7u comme source de risque de pratiques administratives arbitraires et d\u2019impositions injustes, d\u2019ailleurs souvent contest\u00e9es. Ce nouveau r\u00e9gime devant \u00eatre sur option, devra englober plusieurs imp\u00f4ts et pr\u00e9l\u00e8vements obligatoires \u00e0 la fois : IR, <strong>Taxe professionnelle<\/strong>, Taxe des services communaux et cotisations sociales.<\/p>\n<p>Lire aussi: <a href=\"https:\/\/www.challenge.ma\/coronavirus-3-nouveaux-cas-5-412-guerisons-au-total-ce-dimanche-a-10h00-142521\/\">Coronavirus : 3 nouvelles contaminations, aucun nouveau d\u00e9c\u00e8s et 5.412 gu\u00e9risons au total dimanche 31 mai \u00e0 10h00<\/a><\/p>\n<p>Ainsi, le nouveau mode d\u2019imposition pourra gagner en termes de simplification, d\u2019\u00e9quit\u00e9 fiscale et surtout de g\u00e9n\u00e9ralisation du syst\u00e8me de protection sociale. L\u2019<strong>imp\u00f4t<\/strong> ne devrait plus \u00eatre per\u00e7u comme un obstacle \u00e0 l\u2019exercice formel et l\u00e9gal des activit\u00e9s professionnelles de minime importance. Ce qui devrait permettre aux contribuables concern\u00e9s d\u2019adh\u00e9rer volontairement et surtout d\u2019acc\u00e9der aux droits qu\u2019offre un syst\u00e8me g\u00e9n\u00e9ralis\u00e9 de <strong>protection m\u00e9dico-sociale<\/strong> dont l\u2019absence au cours de la crise sanitaire actuelle a r\u00e9v\u00e9l\u00e9 l\u2019ampleur de la pr\u00e9carit\u00e9 de millions de m\u00e9nages.<\/p>\n<p>Si la CPU est adopt\u00e9e, ce sera le meilleur souvenir fiscal de cette p\u00e9riode de crise \u00e0 la fois sanitaire et socio\u00e9conomique qui aurait ainsi permis aux responsables politiques de prendre conscience de la n\u00e9cessit\u00e9 et de l\u2019urgence de la mise en place de filets sociaux \u00e0 m\u00eame de garantir aux cat\u00e9gories sociales vuln\u00e9rables de mieux r\u00e9sister \u00e0 d\u2019autres \u00e9ventuels chocs \u00e9conomiques et sociaux. Le produit de la CPU pourra ensuite, en \u00ab back office \u00bb du Tr\u00e9sor public, \u00eatre r\u00e9parti entre la <strong>CNSS<\/strong>, les collectivit\u00e9s locales et le Budget g\u00e9n\u00e9ral de l\u2019Etat.<\/p>\n<div class=\"c17\">\n<fieldset class=\"c16\">\n<legend><strong><span class=\"c11\">Challenge<\/span><span class=\"c12\">news<\/span><\/strong><\/legend>\n<div class=\"c15\">Le meilleur de Challenge s\u00e9lectionn\u00e9 par la r\u00e9daction :<\/p>\n<\/div>\n<\/fieldset>\n<\/div>\n<p>Auteur: Mohamed Amine<br \/>\n<a href=\"https:\/\/www.challenge.ma\/projet-de-loi-de-finance-rectificative-une-mesure-phare-en-vue-142645\/\">Cliquez ici pour lire l&rsquo;article depuis sa source.<\/a><\/p>\n","protected":false},"excerpt":{"rendered":"<p>D\u2019apr\u00e8s les premi\u00e8res informations auxquelles Challenge a pu acc\u00e9der, le Projet de loi de finances rectificative (PLFR), en cours d\u2019\u00e9laboration, contient une mesure phare qui devrait bouleverser la fiscalit\u00e9 des toutes petites entreprises (TPE) assujetties au r\u00e9gime du forfait, en mati\u00e8re d\u2019IR. En effet, dans sa premi\u00e8re mouture, le Projet de Loi de Finances Rectificative [&hellip;]<\/p>\n","protected":false},"author":1787,"featured_media":0,"comment_status":"closed","ping_status":"closed","sticky":false,"template":"","format":"standard","meta":{"fifu_image_url":"","fifu_image_alt":"","footnotes":""},"categories":[78,54],"tags":[],"class_list":["post-87395","post","type-post","status-publish","format-standard","hentry","category-economie","category-maroc"],"_links":{"self":[{"href":"https:\/\/linitiative.ca\/International\/wp-json\/wp\/v2\/posts\/87395","targetHints":{"allow":["GET"]}}],"collection":[{"href":"https:\/\/linitiative.ca\/International\/wp-json\/wp\/v2\/posts"}],"about":[{"href":"https:\/\/linitiative.ca\/International\/wp-json\/wp\/v2\/types\/post"}],"author":[{"embeddable":true,"href":"https:\/\/linitiative.ca\/International\/wp-json\/wp\/v2\/users\/1787"}],"replies":[{"embeddable":true,"href":"https:\/\/linitiative.ca\/International\/wp-json\/wp\/v2\/comments?post=87395"}],"version-history":[{"count":0,"href":"https:\/\/linitiative.ca\/International\/wp-json\/wp\/v2\/posts\/87395\/revisions"}],"wp:attachment":[{"href":"https:\/\/linitiative.ca\/International\/wp-json\/wp\/v2\/media?parent=87395"}],"wp:term":[{"taxonomy":"category","embeddable":true,"href":"https:\/\/linitiative.ca\/International\/wp-json\/wp\/v2\/categories?post=87395"},{"taxonomy":"post_tag","embeddable":true,"href":"https:\/\/linitiative.ca\/International\/wp-json\/wp\/v2\/tags?post=87395"}],"curies":[{"name":"wp","href":"https:\/\/api.w.org\/{rel}","templated":true}]}}