{"id":87397,"date":"2020-05-31T15:48:23","date_gmt":"2020-05-31T19:48:23","guid":{"rendered":"https:\/\/linitiative.ca\/International\/lintervention-remarquee-de-benchaaboun-devant-les-membres-du-conseil-dadministration-de-la-cgem-video\/"},"modified":"2020-05-31T15:48:23","modified_gmt":"2020-05-31T19:48:23","slug":"lintervention-remarquee-de-benchaaboun-devant-les-membres-du-conseil-dadministration-de-la-cgem-video","status":"publish","type":"post","link":"https:\/\/linitiative.ca\/International\/lintervention-remarquee-de-benchaaboun-devant-les-membres-du-conseil-dadministration-de-la-cgem-video\/","title":{"rendered":"L\u2019intervention remarqu\u00e9e  de Bencha\u00e2boun devant les membres du conseil d\u2019administration de la CGEM [Vid\u00e9o]"},"content":{"rendered":"<p><a href=\"https:\/\/www.cgem.ma\/\">La Conf\u00e9d\u00e9ration G\u00e9n\u00e9rale des Entreprises du Maroc (CGEM)<\/a> a tenu le 28 mai 2020 en visioconf\u00e9rence, son Conseil d\u2019Administration pr\u00e9sid\u00e9 par Chakib Alj. Cette rencontre a \u00e9t\u00e9 marqu\u00e9e par la pr\u00e9sence de Mohamed Bencha\u00e2boun, ministre de l\u2019\u00c9conomie et des Finances et Pr\u00e9sident du Comit\u00e9 de Veille \u00e9conomique (CVE).\u00a0<\/p>\n<div class=\"c10\"\/>\n<\/p>\n<div class=\"wp-block-embed__wrapper\"><iframe loading=\"lazy\" title=\"Intervention de M. le Ministre BENCHAABOUN au Conseil d'Administrartion de la CGEM du 28 mai 2020.\" width=\"1140\" height=\"641\" src=\"https:\/\/www.youtube.com\/embed\/nDQIpI_zsFw?feature=oembed\" frameborder=\"0\" allow=\"accelerometer; autoplay; encrypted-media; gyroscope; picture-in-picture\" allowfullscreen=\"\">[embedded content]<\/iframe><\/div>\n<p>Lors de son allocution d\u2019ouverture, ce dernier a f\u00e9licit\u00e9 la CGEM pour sa proposition de plan de relance de l\u2019\u00e9conomie. Selon le Ministre, \u00ab ce plan r\u00e9alis\u00e9 selon une approche bottom-up constitue un r\u00e9f\u00e9rentiel extr\u00eamement riche et un outil de travail pour tous les secteurs \u00bb.\u00a0 Apr\u00e8s avoir pr\u00e9sent\u00e9 l\u2019action du CVE pour la relance de l\u2019\u00e9conomie, Bencha\u00e2boun a apport\u00e9 des r\u00e9ponses aux questions des Administrateurs de la CGEM sur diff\u00e9rents sujets tels que l\u2019int\u00e9gration de l\u2019informel, la r\u00e9forme de l\u2019administration, le financement de la relance, les proc\u00e9dures judiciaires pour les entreprises impact\u00e9es par la crise, les m\u00e9canismes de gestion de crise, les remboursements de la TVA ou encore la recherche et l\u2019innovation.<\/p>\n<p><strong>Lire aussi | <a href=\"https:\/\/www.challenge.ma\/coronavirus-le-guide-sanitaire-du-ministere-du-commerce-142598\/\">Coronavirus : le guide sanitaire du minist\u00e8re du Commerce [Document]<\/a><\/strong><\/p>\n<div class=\"c17\">\n<fieldset class=\"c16\">\n<legend><strong><span class=\"c11\">Challenge<\/span><span class=\"c12\">news<\/span><\/strong><\/legend>\n<div class=\"c15\">Le meilleur de Challenge s\u00e9lectionn\u00e9 par la r\u00e9daction :<\/p>\n<\/div>\n<\/fieldset>\n<\/div>\n<p>Auteur: Adama Sylla<br \/>\n<a href=\"https:\/\/www.challenge.ma\/video-lintervention-remarquee-de-mohamed-benchaaboun-devant-les-membres-du-conseil-dadministration-de-la-cgem-142578\/\">Cliquez ici pour lire l&rsquo;article depuis sa source.<\/a><\/p>\n","protected":false},"excerpt":{"rendered":"<p>La Conf\u00e9d\u00e9ration G\u00e9n\u00e9rale des Entreprises du Maroc (CGEM) a tenu le 28 mai 2020 en visioconf\u00e9rence, son Conseil d\u2019Administration pr\u00e9sid\u00e9 par Chakib Alj. Cette rencontre a \u00e9t\u00e9 marqu\u00e9e par la pr\u00e9sence de Mohamed Bencha\u00e2boun, ministre de l\u2019\u00c9conomie et des Finances et Pr\u00e9sident du Comit\u00e9 de Veille \u00e9conomique (CVE).\u00a0 [embedded content] Lors de son allocution d\u2019ouverture, [&hellip;]<\/p>\n","protected":false},"author":1787,"featured_media":0,"comment_status":"closed","ping_status":"closed","sticky":false,"template":"","format":"standard","meta":{"fifu_image_url":"","fifu_image_alt":"","footnotes":""},"categories":[78,54],"tags":[],"class_list":["post-87397","post","type-post","status-publish","format-standard","hentry","category-economie","category-maroc"],"_links":{"self":[{"href":"https:\/\/linitiative.ca\/International\/wp-json\/wp\/v2\/posts\/87397","targetHints":{"allow":["GET"]}}],"collection":[{"href":"https:\/\/linitiative.ca\/International\/wp-json\/wp\/v2\/posts"}],"about":[{"href":"https:\/\/linitiative.ca\/International\/wp-json\/wp\/v2\/types\/post"}],"author":[{"embeddable":true,"href":"https:\/\/linitiative.ca\/International\/wp-json\/wp\/v2\/users\/1787"}],"replies":[{"embeddable":true,"href":"https:\/\/linitiative.ca\/International\/wp-json\/wp\/v2\/comments?post=87397"}],"version-history":[{"count":0,"href":"https:\/\/linitiative.ca\/International\/wp-json\/wp\/v2\/posts\/87397\/revisions"}],"wp:attachment":[{"href":"https:\/\/linitiative.ca\/International\/wp-json\/wp\/v2\/media?parent=87397"}],"wp:term":[{"taxonomy":"category","embeddable":true,"href":"https:\/\/linitiative.ca\/International\/wp-json\/wp\/v2\/categories?post=87397"},{"taxonomy":"post_tag","embeddable":true,"href":"https:\/\/linitiative.ca\/International\/wp-json\/wp\/v2\/tags?post=87397"}],"curies":[{"name":"wp","href":"https:\/\/api.w.org\/{rel}","templated":true}]}}