{"id":87423,"date":"2020-05-31T17:18:08","date_gmt":"2020-05-31T21:18:08","guid":{"rendered":"https:\/\/linitiative.ca\/International\/cote-divoire-des-militants-du-rhdp-invites-a-redoubler-defforts-pour-prendre-le-terrain-politique-a-beoumi\/"},"modified":"2020-05-31T17:18:08","modified_gmt":"2020-05-31T21:18:08","slug":"cote-divoire-des-militants-du-rhdp-invites-a-redoubler-defforts-pour-prendre-le-terrain-politique-a-beoumi","status":"publish","type":"post","link":"https:\/\/linitiative.ca\/International\/cote-divoire-des-militants-du-rhdp-invites-a-redoubler-defforts-pour-prendre-le-terrain-politique-a-beoumi\/","title":{"rendered":"C\u00f4te d\u2019Ivoire: des militants du RHDP invit\u00e9s \u00e0 \u00abredoubler d\u2019efforts pour prendre le terrain politique\u00bb \u00e0 B\u00e9oumi"},"content":{"rendered":"<div readability=\"32\">\n<p>Publi\u00e9 le 31.05.2020 \u00e0 22h18 par APA News<\/p>\n<\/div>\n<div readability=\"59\">\n<p>Le ministre ivoirien de la Communication et des m\u00e9dias Sidi Ti\u00e9moko Tour\u00e9, par ailleurs, coordinateur r\u00e9gional du Rassemblement des Houphou\u00ebtistes pour la d\u00e9mocratie et la paix (RHDP) de Gb\u00eak\u00ea 3, a exhort\u00e9 les militants de cette formation politique \u00ab\u00e0 redoubler d\u2019efforts et d\u2019ardeur pour prendre le terrain politique \u00e0 B\u00e9oumi\u00bb dans le Centre du pays.Selon une note d\u2019information transmise dimanche \u00e0 APA, M. Tour\u00e9 s\u2019exprimait lors d\u2019une rencontre d\u2019information et d\u2019\u00e9valuation des acquis au niveau de l\u2019implantation du parti pr\u00e9sidentiel ivoirien dans la coordination de Gb\u00eak\u00ea 3.<\/p>\n<p>Cette rencontre, ajoute la note, \u00a0\u00e9tait \u00e9galement l\u2019occasion pour le ministre Sidi Tour\u00e9, de s\u2019assurer du travail fait sur le terrain \u00e0 quelques mois de l\u2019\u00e9lection pr\u00e9sidentielle et remobiliser toutes les structures pour la victoire de son parti d\u00e8s le premier tour de l\u2019\u00e9lection pr\u00e9sidentielle d\u2019octobre prochain.<\/p>\n<p>\u00a0Pour sa part, le d\u00e9l\u00e9gu\u00e9 d\u00e9partemental du RHDP de cette localit\u00e9, Martial Meh a rassur\u00e9 en retour le ministre Sidi Tour\u00e9 de la pr\u00e9sence de la quasi-totalit\u00e9 des structures du parti dans les sous-pr\u00e9fectures du d\u00e9partement de B\u00e9oumi.<\/p>\n<p>\u00a0M. Meh qui a insist\u00e9 sur la n\u00e9cessit\u00e9 d\u2019\u00e9tablir les documents aff\u00e9rents au processus \u00e9lectoral \u00e0 venir, a instruit les d\u00e9l\u00e9gu\u00e9s des sept sous-pr\u00e9fectures \u00ab \u00e0 mettre tout en oeuvre pour que les nouveaux majeurs inscrits dans les diff\u00e9rentes sections puissent avoir leurs documents administratifs \u00e0 temps pour pouvoir participer \u00e0 la r\u00e9vision de la liste \u00e9lectorale \u00bb.<\/p>\n<\/div>\n<p>Auteur: APA News<br \/>\n<a href=\"https:\/\/www.journalducameroun.com\/cote-divoire-des-militants-du-rhdp-invites-a-redoubler-defforts-pour-prendre-le-terrain-politique-a-beoumi\/\">Cliquez ici pour lire l&rsquo;article depuis sa source.<\/a><\/p>\n","protected":false},"excerpt":{"rendered":"<p>Publi\u00e9 le 31.05.2020 \u00e0 22h18 par APA News Le ministre ivoirien de la Communication et des m\u00e9dias Sidi Ti\u00e9moko Tour\u00e9, par ailleurs, coordinateur r\u00e9gional du Rassemblement des Houphou\u00ebtistes pour la d\u00e9mocratie et la paix (RHDP) de Gb\u00eak\u00ea 3, a exhort\u00e9 les militants de cette formation politique \u00ab\u00e0 redoubler d\u2019efforts et d\u2019ardeur pour prendre le terrain [&hellip;]<\/p>\n","protected":false},"author":1965,"featured_media":0,"comment_status":"closed","ping_status":"closed","sticky":false,"template":"","format":"standard","meta":{"fifu_image_url":"","fifu_image_alt":"","footnotes":""},"categories":[73,82],"tags":[],"class_list":["post-87423","post","type-post","status-publish","format-standard","hentry","category-actualite","category-cameroun"],"_links":{"self":[{"href":"https:\/\/linitiative.ca\/International\/wp-json\/wp\/v2\/posts\/87423","targetHints":{"allow":["GET"]}}],"collection":[{"href":"https:\/\/linitiative.ca\/International\/wp-json\/wp\/v2\/posts"}],"about":[{"href":"https:\/\/linitiative.ca\/International\/wp-json\/wp\/v2\/types\/post"}],"author":[{"embeddable":true,"href":"https:\/\/linitiative.ca\/International\/wp-json\/wp\/v2\/users\/1965"}],"replies":[{"embeddable":true,"href":"https:\/\/linitiative.ca\/International\/wp-json\/wp\/v2\/comments?post=87423"}],"version-history":[{"count":0,"href":"https:\/\/linitiative.ca\/International\/wp-json\/wp\/v2\/posts\/87423\/revisions"}],"wp:attachment":[{"href":"https:\/\/linitiative.ca\/International\/wp-json\/wp\/v2\/media?parent=87423"}],"wp:term":[{"taxonomy":"category","embeddable":true,"href":"https:\/\/linitiative.ca\/International\/wp-json\/wp\/v2\/categories?post=87423"},{"taxonomy":"post_tag","embeddable":true,"href":"https:\/\/linitiative.ca\/International\/wp-json\/wp\/v2\/tags?post=87423"}],"curies":[{"name":"wp","href":"https:\/\/api.w.org\/{rel}","templated":true}]}}