{"id":87426,"date":"2020-06-01T10:55:43","date_gmt":"2020-06-01T14:55:43","guid":{"rendered":"https:\/\/linitiative.ca\/International\/la-berd-dispense-de-lapprentissage-et-du-conseil-en-ligne\/"},"modified":"2020-06-01T10:55:43","modified_gmt":"2020-06-01T14:55:43","slug":"la-berd-dispense-de-lapprentissage-et-du-conseil-en-ligne","status":"publish","type":"post","link":"https:\/\/linitiative.ca\/International\/la-berd-dispense-de-lapprentissage-et-du-conseil-en-ligne\/","title":{"rendered":"La BERD dispense de l\u2019apprentissage  et du conseil en ligne"},"content":{"rendered":"<p><img decoding=\"async\" class=\"post_layout_5_img\" src=\"http:\/\/aujourdhui.ma\/wp-content\/uploads\/2017\/11\/BERD-Banque-europeen.jpg\" alt=\"La BERD dispense de l&#x2019;apprentissage et du conseil en ligne\"\/><\/p>\n<p><span class=\"c6\"><strong><span class=\"c5\">Un programme destin\u00e9 aux micro, petites et moyennes entreprises<\/span><\/strong><\/span><span id=\"more-346369\"\/><\/p>\n<p>La Banque europ\u00e9enne pour la restructuration et le d\u00e9veloppement (BERD) multiplie son action en faveur de la micro, petite et moyenne entreprise (MPME) en ce temps de Covid-19 dans l\u2019ensemble de ses pays d\u2019intervention y compris le Maroc. L\u2019institution financi\u00e8re annonce, lundi 1er juin 2020, le lancement d\u2019un nouveau dispositif permettant \u00e0 cette cible de mieux s\u2019outiller pour faire face aux al\u00e9as \u00e9conomiques de la pand\u00e9mie. Il s\u2019agit d\u2019un programme libre d\u2019acc\u00e8s d\u2019apprentissage et de conseil en ligne mis en place en faveur des MPME confront\u00e9es \u00e0 l\u2019impact \u00e9conomique de la crise sanitaire.<\/p>\n<p>\u00abLa BERD est fermement d\u00e9termin\u00e9e \u00e0 accompagner les petites entreprises en cette p\u00e9riode sans pr\u00e9c\u00e9dent et \u00e0 les aider \u00e0 d\u00e9velopper la r\u00e9silience n\u00e9cessaire pour surmonter les difficult\u00e9s et b\u00e2tir une reprise solide. Quelle que soit la taille de l\u2019entreprise, ce programme est une main tendue pour proposer une aide concr\u00e8te\u00bb, explique dans ce sens Rachid Al Amrani, Manager principal, charg\u00e9 de l\u2019appui aux PME.<\/p>\n<p><strong>10.000 entreprises cibl\u00e9es dans 30 pays<\/strong><\/p>\n<p>Cette initiative cible 10.000 entreprises dans les 30 pays d\u2019intervention de la BERD. Elle se d\u00e9marque par ailleurs par le nombre d\u2019intervenants qui l\u2019appuient. En effet, ce dispositif est financ\u00e9 par l\u2019Union europ\u00e9enne y compris sa plateforme europ\u00e9enne de conseil en investissement, le Kazakhstan et le Fonds d\u2019impact pour les petites entreprises de la BERD (\u00c9tats-Unis, Italie, Japon, Luxembourg, R\u00e9publique de Cor\u00e9e, Su\u00e8de, Suisse, Taipei Chinois). Ce programme baptis\u00e9 \u00abSavoir-faire\u2026 en situation de crise\u00bb est d\u00e9ploy\u00e9 en collaboration avec les banques partenaires et les organismes de soutien dans toutes les r\u00e9gions d\u2019op\u00e9rations. Se r\u00e9f\u00e9rant \u00e0 la BERD, l\u2019objectif est d\u2019atteindre plus de 10.000 personnes travaillant dans des MPME, en leur proposant des ressources de formation, un partage de savoir et des conseils de sp\u00e9cialistes au cours des prochains mois.<\/p>\n<p><strong>Un portail central d\u2019apprentissage d\u00e9velopp\u00e9<\/strong><\/p>\n<p>H\u00e9berg\u00e9 sur la plateforme de l\u2019Acad\u00e9mie du savoir (The Know how Academy) de la BERD, le programme se veut un portail central d\u2019apprentissage offrant aux entrepreneurs une aide concr\u00e8te. A cet effet, des supports de formation et des conseils en gestion de crise sont d\u00e9velopp\u00e9s par les sp\u00e9cialistes sectoriels.<br \/>Les entit\u00e9s int\u00e9ress\u00e9es peuvent \u00e9galement se r\u00e9unir dans des groupes de discussions avec leurs pairs. Le portail offre ainsi des informations sp\u00e9cifiques au contexte local faisant appara\u00eetre le soutien financier que peuvent apporter les pouvoirs publics et le banques de la trentaine de pays o\u00f9 op\u00e8re la BERD.<\/p>\n<p><strong>5 modules propos\u00e9s en 5 langues<\/strong><\/p>\n<p>Il est \u00e0 noter que le premier module de cette formation \u00e0 distance est accessible depuis le 1er juin. Intitul\u00e9e \u00abGestion de crise\u00a0: vos clients et vos fournisseurs\u00bb, cette unit\u00e9 fournit des conseils sur les moyens de maintenir la dynamique de la cha\u00eene d\u2019approvisionnement de l\u2019entreprise et d\u2019assurer les entr\u00e9es de tr\u00e9sorerie. Rappelons que ce programme lanc\u00e9 par la BERD dans le cadre du soutien renforc\u00e9 aux entreprises pendant la crise actuelle s\u2019articule autour de quatre autres piliers de la gestion de crise, notamment les fondamentaux de la gestion financi\u00e8re, le financement de l\u2019entreprise, le personnel en tant qu\u2019atout et les d\u00e9fis de gestion et de leadership.<br \/>Des ressources qui seront propos\u00e9es en cinq langues, \u00e0 savoir l\u2019anglais, l\u2019arabe, le russe, le turc et l\u2019ukrainien.<\/p>\n<p>Auteur: Kawtar Tali<br \/>\n<a href=\"https:\/\/aujourdhui.ma\/economie\/la-berd-dispense-de-lapprentissage-et-du-conseil-en-ligne\">Cliquez ici pour lire l&rsquo;article depuis sa source.<\/a><\/p>\n","protected":false},"excerpt":{"rendered":"<p>Un programme destin\u00e9 aux micro, petites et moyennes entreprises La Banque europ\u00e9enne pour la restructuration et le d\u00e9veloppement (BERD) multiplie son action en faveur de la micro, petite et moyenne entreprise (MPME) en ce temps de Covid-19 dans l\u2019ensemble de ses pays d\u2019intervention y compris le Maroc. L\u2019institution financi\u00e8re annonce, lundi 1er juin 2020, le [&hellip;]<\/p>\n","protected":false},"author":1759,"featured_media":87427,"comment_status":"closed","ping_status":"closed","sticky":false,"template":"","format":"standard","meta":{"fifu_image_url":"","fifu_image_alt":"","footnotes":""},"categories":[73,54],"tags":[],"class_list":["post-87426","post","type-post","status-publish","format-standard","has-post-thumbnail","hentry","category-actualite","category-maroc"],"_links":{"self":[{"href":"https:\/\/linitiative.ca\/International\/wp-json\/wp\/v2\/posts\/87426","targetHints":{"allow":["GET"]}}],"collection":[{"href":"https:\/\/linitiative.ca\/International\/wp-json\/wp\/v2\/posts"}],"about":[{"href":"https:\/\/linitiative.ca\/International\/wp-json\/wp\/v2\/types\/post"}],"author":[{"embeddable":true,"href":"https:\/\/linitiative.ca\/International\/wp-json\/wp\/v2\/users\/1759"}],"replies":[{"embeddable":true,"href":"https:\/\/linitiative.ca\/International\/wp-json\/wp\/v2\/comments?post=87426"}],"version-history":[{"count":0,"href":"https:\/\/linitiative.ca\/International\/wp-json\/wp\/v2\/posts\/87426\/revisions"}],"wp:featuredmedia":[{"embeddable":true,"href":"https:\/\/linitiative.ca\/International\/wp-json\/"}],"wp:attachment":[{"href":"https:\/\/linitiative.ca\/International\/wp-json\/wp\/v2\/media?parent=87426"}],"wp:term":[{"taxonomy":"category","embeddable":true,"href":"https:\/\/linitiative.ca\/International\/wp-json\/wp\/v2\/categories?post=87426"},{"taxonomy":"post_tag","embeddable":true,"href":"https:\/\/linitiative.ca\/International\/wp-json\/wp\/v2\/tags?post=87426"}],"curies":[{"name":"wp","href":"https:\/\/api.w.org\/{rel}","templated":true}]}}