{"id":87428,"date":"2020-06-01T10:59:19","date_gmt":"2020-06-01T14:59:19","guid":{"rendered":"https:\/\/linitiative.ca\/International\/tafilalet-et-figuig-le-projet-de-decret-relatif-a-la-region-miniere-adopte\/"},"modified":"2020-06-01T10:59:19","modified_gmt":"2020-06-01T14:59:19","slug":"tafilalet-et-figuig-le-projet-de-decret-relatif-a-la-region-miniere-adopte","status":"publish","type":"post","link":"https:\/\/linitiative.ca\/International\/tafilalet-et-figuig-le-projet-de-decret-relatif-a-la-region-miniere-adopte\/","title":{"rendered":"Tafilalet et Figuig : Le projet de d\u00e9cret relatif  \u00e0 la r\u00e9gion mini\u00e8re adopt\u00e9"},"content":{"rendered":"<header>\n<\/header>\n<div class=\"entry-content clearfix\" readability=\"55\"><img decoding=\"async\" class=\"post_layout_5_img\" src=\"http:\/\/aujourdhui.ma\/wp-content\/uploads\/2020\/06\/tafilalete-re\u0301gion-minie\u0300re-.jpg\" alt=\"Tafilalet et Figuig : Le projet de d&#xE9;cret relatif &#xE0; la r&#xE9;gion mini&#xE8;re adopt&#xE9;\"\/><\/p>\n<p><span class=\"c6\"><span class=\"c5\"><strong>R\u00e9uni le 28 mai 2020 par visioconf\u00e9rence, le Conseil de gouvernement a adopt\u00e9 le projet de d\u00e9cret portant l\u2019application de la loi n\u00b0 74.15 relative \u00e0 la r\u00e9gion mini\u00e8re de Tafilalet et Figuig.<\/strong><\/span><span id=\"more-346419\"\/><\/span><\/p>\n<p>Ce texte de loi, pr\u00e9sent\u00e9 par Aziz Rabbah, ministre de l\u2019\u00e9nergie, des mines et de l\u2019environnement, s\u2019inscrit dans le cadre de la restructuration de l\u2019activit\u00e9 mini\u00e8re artisanale. Il porte sur la mise en place des m\u00e9canismes juridiques permettant d\u2019am\u00e9liorer les performances du secteur minier et d\u2019assurer l\u2019attractivit\u00e9 des investissements nationaux et \u00e9trangers, en particulier en cette conjoncture, tout en faisant de ce secteur un pilier essentiel de d\u00e9veloppement dans cette r\u00e9gion riche en ressources mini\u00e8res prometteuses dont la majeure partie n\u2019a pas encore fait l\u2019objet de prospection, selon un r\u00e9cent communiqu\u00e9 du minist\u00e8re. Ce d\u00e9cret concerne aussi les modalit\u00e9s de d\u00e9coupage en zones de la r\u00e9gion mini\u00e8re de Tafilalet et Figuig.<\/p>\n<p>L\u2019objectif \u00e9tant d\u2019ouvrir la r\u00e9gion mini\u00e8re de Tafilalat et Figuig aux investisseurs dans un cadre garantissant la transparence et la concurrence, tout en mettant en place des m\u00e9canismes de gestion des relations entre les entreprises et les artisans mineurs, afin de pr\u00e9server les droits de ces derniers. Il vise aussi \u00e0 d\u00e9finir les modalit\u00e9s d\u2019attribution, de prorogation et de r\u00e9attribution des permis de recherche et de licence d\u2019exploitation dans cette r\u00e9gion.<\/p>\n<\/div>\n<p>Auteur: ALM<br \/>\n<a href=\"https:\/\/aujourdhui.ma\/actualite\/tafilalet-et-figuig-le-projet-de-decret-relatif-a-la-region-miniere-adopte\">Cliquez ici pour lire l&rsquo;article depuis sa source.<\/a><\/p>\n","protected":false},"excerpt":{"rendered":"<p>R\u00e9uni le 28 mai 2020 par visioconf\u00e9rence, le Conseil de gouvernement a adopt\u00e9 le projet de d\u00e9cret portant l\u2019application de la loi n\u00b0 74.15 relative \u00e0 la r\u00e9gion mini\u00e8re de Tafilalet et Figuig. Ce texte de loi, pr\u00e9sent\u00e9 par Aziz Rabbah, ministre de l\u2019\u00e9nergie, des mines et de l\u2019environnement, s\u2019inscrit dans le cadre de la [&hellip;]<\/p>\n","protected":false},"author":1759,"featured_media":87429,"comment_status":"closed","ping_status":"closed","sticky":false,"template":"","format":"standard","meta":{"fifu_image_url":"","fifu_image_alt":"","footnotes":""},"categories":[73,54],"tags":[],"class_list":["post-87428","post","type-post","status-publish","format-standard","has-post-thumbnail","hentry","category-actualite","category-maroc"],"_links":{"self":[{"href":"https:\/\/linitiative.ca\/International\/wp-json\/wp\/v2\/posts\/87428","targetHints":{"allow":["GET"]}}],"collection":[{"href":"https:\/\/linitiative.ca\/International\/wp-json\/wp\/v2\/posts"}],"about":[{"href":"https:\/\/linitiative.ca\/International\/wp-json\/wp\/v2\/types\/post"}],"author":[{"embeddable":true,"href":"https:\/\/linitiative.ca\/International\/wp-json\/wp\/v2\/users\/1759"}],"replies":[{"embeddable":true,"href":"https:\/\/linitiative.ca\/International\/wp-json\/wp\/v2\/comments?post=87428"}],"version-history":[{"count":0,"href":"https:\/\/linitiative.ca\/International\/wp-json\/wp\/v2\/posts\/87428\/revisions"}],"wp:featuredmedia":[{"embeddable":true,"href":"https:\/\/linitiative.ca\/International\/wp-json\/"}],"wp:attachment":[{"href":"https:\/\/linitiative.ca\/International\/wp-json\/wp\/v2\/media?parent=87428"}],"wp:term":[{"taxonomy":"category","embeddable":true,"href":"https:\/\/linitiative.ca\/International\/wp-json\/wp\/v2\/categories?post=87428"},{"taxonomy":"post_tag","embeddable":true,"href":"https:\/\/linitiative.ca\/International\/wp-json\/wp\/v2\/tags?post=87428"}],"curies":[{"name":"wp","href":"https:\/\/api.w.org\/{rel}","templated":true}]}}