{"id":87430,"date":"2020-06-01T11:02:24","date_gmt":"2020-06-01T15:02:24","guid":{"rendered":"https:\/\/linitiative.ca\/International\/cooperation-maroc-usa-afrique-jazouli-plaide-pour-le-renforcement-des-mecanismes-de-solidarite\/"},"modified":"2020-06-01T11:02:24","modified_gmt":"2020-06-01T15:02:24","slug":"cooperation-maroc-usa-afrique-jazouli-plaide-pour-le-renforcement-des-mecanismes-de-solidarite","status":"publish","type":"post","link":"https:\/\/linitiative.ca\/International\/cooperation-maroc-usa-afrique-jazouli-plaide-pour-le-renforcement-des-mecanismes-de-solidarite\/","title":{"rendered":"Coop\u00e9ration Maroc-USA-Afrique : Jazouli plaide pour le renforcement des m\u00e9canismes de solidarit\u00e9"},"content":{"rendered":"<p><img decoding=\"async\" class=\"post_layout_5_img\" src=\"http:\/\/aujourdhui.ma\/wp-content\/uploads\/2019\/05\/Mohcine-Jazouli.jpg\" alt=\"Coop&#xE9;ration Maroc-USA-Afrique : Jazouli plaide pour le renforcement des m&#xE9;canismes de solidarit&#xE9;\"\/><\/p>\n<p><span class=\"c5\"><strong>\u00abNous avons assist\u00e9 \u00e0 d\u2019\u00e9normes changements \u00e0 diff\u00e9rents niveaux et dans diff\u00e9rentes r\u00e9gions du monde qui r\u00e9organiseront sans aucun doute notre fa\u00e7on de travailler et de vivre, mais aussi de coop\u00e9rer ensemble\u00bb.<\/strong><\/span><span id=\"more-346411\"\/><\/p>\n<p>Il va sans dire que la crise sanitaire actuelle imposera un remodelage de la fa\u00e7on de g\u00e9rer les \u00e9conomies au niveau local, r\u00e9gional et continental. Outre les d\u00e9g\u00e2ts engendr\u00e9s, le contexte actuel pr\u00e9sentait une opportunit\u00e9 de changement, d\u2019am\u00e9lioration et d\u2019adoption de bonnes pratiques. C\u2019est ce que l\u2019on peut retenir de l\u2019intervention de Mohcine Jazouli, ministre d\u00e9l\u00e9gu\u00e9 aupr\u00e8s du ministre des affaires \u00e9trang\u00e8res, de la coop\u00e9ration africaine et des Marocains r\u00e9sidant \u00e0 l\u2019\u00e9tranger, lors de sa participation, r\u00e9cemment, \u00e0 un webinaire organis\u00e9 par le Corporate Council on Africa (CCA) autour des mesures sanitaires adopt\u00e9es par le Maroc et le S\u00e9n\u00e9gal pour contenir les effets du Covid-19.<\/p>\n<p>Le ministre d\u00e9l\u00e9gu\u00e9 a dans ce sens lanc\u00e9 un appel au renforcement du partenariat entre le Maroc, les \u00c9tats-Unis et l\u2019Afrique. Cette coop\u00e9ration tripartite jouerait un important r\u00f4le dans la reconstruction \u00e9conomique en ce temps de crise sanitaire. \u00abCompte tenu de l\u2019\u00e9norme potentiel de l\u2019Afrique, du Maroc et des \u00c9tats-Unis, il est imp\u00e9ratif que nous travaillions ensemble pour reconstruire nos \u00e9conomies et donner de l\u2019espoir aux personnes qui ont perdu leur emploi ou qui de mani\u00e8re g\u00e9n\u00e9rale ont bataill\u00e9 pour s\u2019en sortir \u00e9conomiquement\u00bb, souligne \u00e0 cet effet M. Jazouli.<\/p>\n<p>Le ministre d\u00e9l\u00e9gu\u00e9 a rappel\u00e9, \u00e0 cette occasion, l\u2019initiative de chefs d\u2019\u00c9tat africains propos\u00e9e par le Souverain en vue d\u2019\u00e9tablir un cadre op\u00e9rationnel pour accompagner les pays africains dans leurs diff\u00e9rentes phases de gestion de la pand\u00e9mie, initiative bas\u00e9e sur l\u2019action, l\u2019\u00e9change d\u2019exp\u00e9rience et de bonnes pratiques. \u00abS\u2019il y a une le\u00e7on \u00e0 retenir de cette crise sanitaire qui a secou\u00e9 le monde entier, c\u2019est celle de la n\u00e9cessit\u00e9 de renforcer les m\u00e9canismes de solidarit\u00e9. Nous avons assist\u00e9 \u00e0 d\u2019\u00e9normes changements \u00e0 diff\u00e9rents niveaux et dans diff\u00e9rentes r\u00e9gions du monde qui r\u00e9organiseront sans aucun doute notre fa\u00e7on de travailler et de vivre, mais aussi de coop\u00e9rer ensemble\u00bb, peut-on relever de Mohcine Jazouli. Parmi les recommandations \u00e9mises par le ministre d\u00e9l\u00e9gu\u00e9, nous retenons l\u2019imp\u00e9ratif de poursuivre l\u2019int\u00e9gration r\u00e9gionale. Elle permettra, selon M. El Jazouli, de s\u00e9curiser les approvisionnements de certains secteurs d\u2019activit\u00e9.<\/p>\n<p>A cet effet, les pays africains sont appel\u00e9s \u00e0 compter sur leurs partenaires traditionnels, qu\u2019ils soient sur le continent ou ailleurs. Mohcine Jazouli a sugg\u00e9r\u00e9 \u00e9galement lors de son intervention la mise en place des projets d\u2019infrastructures communs dans des domaines essentiels comme les transports ou l\u2019\u00e9nergie auxquels les \u00c9tats-Unis pourraient injecter des financements et ce dans le cadre\u00a0\u00abd\u2019une coop\u00e9ration tripartite renforc\u00e9e et ex\u00e9cut\u00e9s par des consortiums locaux-am\u00e9ricains\u00bb.<\/p>\n<p>Cette e-conf\u00e9rence organis\u00e9e par le CCA qui est une organisation bas\u00e9e \u00e0 Washington regroupant les entreprises am\u00e9ricaines menant des affaires en Afrique a permis de rassurer les op\u00e9rateurs participants quant \u00e0 la bonne gestion de la pand\u00e9mie au Maroc et au S\u00e9n\u00e9gal. Un gage de confiance qui leur permettra de maintenir leurs affaires au Maroc et sur le continent. Dans cette optique, Mohcine Jazouli a pass\u00e9 en revue l\u2019ensemble des actions engag\u00e9es par le Maroc depuis le d\u00e9clenchement de la crise \u00e0 ce jour. Il a ainsi pr\u00e9sent\u00e9 les grands axes de la strat\u00e9gie anticipative mise en place au Royaume sous Hautes instructions du Souverain englobant des mesures drastiques aussi bien sur le plan sanitaire, social qu\u2019\u00e9conomique. Citons dans ce sens les attributions du Fonds Covid-19 ou encore les d\u00e9cisions prises par le Comit\u00e9 de veille \u00e9conomique (CVE).<\/p>\n<p>Auteur: Kawtar Tali<br \/>\n<a href=\"https:\/\/aujourdhui.ma\/economie\/cooperation-maroc-usa-afrique-jazouli-plaide-pour-le-renforcement-des-mecanismes-de-solidarite\">Cliquez ici pour lire l&rsquo;article depuis sa source.<\/a><\/p>\n","protected":false},"excerpt":{"rendered":"<p>\u00abNous avons assist\u00e9 \u00e0 d\u2019\u00e9normes changements \u00e0 diff\u00e9rents niveaux et dans diff\u00e9rentes r\u00e9gions du monde qui r\u00e9organiseront sans aucun doute notre fa\u00e7on de travailler et de vivre, mais aussi de coop\u00e9rer ensemble\u00bb. Il va sans dire que la crise sanitaire actuelle imposera un remodelage de la fa\u00e7on de g\u00e9rer les \u00e9conomies au niveau local, r\u00e9gional [&hellip;]<\/p>\n","protected":false},"author":1759,"featured_media":87431,"comment_status":"closed","ping_status":"closed","sticky":false,"template":"","format":"standard","meta":{"fifu_image_url":"","fifu_image_alt":"","footnotes":""},"categories":[73,54],"tags":[],"class_list":["post-87430","post","type-post","status-publish","format-standard","has-post-thumbnail","hentry","category-actualite","category-maroc"],"_links":{"self":[{"href":"https:\/\/linitiative.ca\/International\/wp-json\/wp\/v2\/posts\/87430","targetHints":{"allow":["GET"]}}],"collection":[{"href":"https:\/\/linitiative.ca\/International\/wp-json\/wp\/v2\/posts"}],"about":[{"href":"https:\/\/linitiative.ca\/International\/wp-json\/wp\/v2\/types\/post"}],"author":[{"embeddable":true,"href":"https:\/\/linitiative.ca\/International\/wp-json\/wp\/v2\/users\/1759"}],"replies":[{"embeddable":true,"href":"https:\/\/linitiative.ca\/International\/wp-json\/wp\/v2\/comments?post=87430"}],"version-history":[{"count":0,"href":"https:\/\/linitiative.ca\/International\/wp-json\/wp\/v2\/posts\/87430\/revisions"}],"wp:featuredmedia":[{"embeddable":true,"href":"https:\/\/linitiative.ca\/International\/wp-json\/"}],"wp:attachment":[{"href":"https:\/\/linitiative.ca\/International\/wp-json\/wp\/v2\/media?parent=87430"}],"wp:term":[{"taxonomy":"category","embeddable":true,"href":"https:\/\/linitiative.ca\/International\/wp-json\/wp\/v2\/categories?post=87430"},{"taxonomy":"post_tag","embeddable":true,"href":"https:\/\/linitiative.ca\/International\/wp-json\/wp\/v2\/tags?post=87430"}],"curies":[{"name":"wp","href":"https:\/\/api.w.org\/{rel}","templated":true}]}}