{"id":87432,"date":"2020-06-01T11:04:05","date_gmt":"2020-06-01T15:04:05","guid":{"rendered":"https:\/\/linitiative.ca\/International\/dakhla-les-professionnels-misent-sur-le-tourisme-interne\/"},"modified":"2020-06-01T11:04:05","modified_gmt":"2020-06-01T15:04:05","slug":"dakhla-les-professionnels-misent-sur-le-tourisme-interne","status":"publish","type":"post","link":"https:\/\/linitiative.ca\/International\/dakhla-les-professionnels-misent-sur-le-tourisme-interne\/","title":{"rendered":"Dakhla :  Les professionnels misent sur le tourisme interne"},"content":{"rendered":"<p><img decoding=\"async\" class=\"post_layout_5_img\" src=\"http:\/\/aujourdhui.ma\/wp-content\/uploads\/2020\/06\/Dakhla-tourisme.jpg\" alt=\"Dakhla : Les professionnels misent sur le tourisme interne\"\/><\/p>\n<p><span class=\"c6\"><strong><span class=\"c5\">Meilleure alternative durant la p\u00e9riode post-confinement<\/span><\/strong><\/span><br \/><span id=\"more-346392\"\/><\/p>\n<p><span class=\"c7\">Cette crise sans pr\u00e9c\u00e9dent pour le secteur \u00e0 l\u2019\u00e9chelle mondiale impactera l\u2019industrie touristique marocaine pendant au moins 12 mois, avec une perte en devises estim\u00e9e \u00e0 138 milliards de DH sur 3 ans.<\/span><\/p>\n<p>La relance du secteur touristique apr\u00e8s le confinement a \u00e9t\u00e9 au centre d\u2019une rencontre tenue r\u00e9cemment \u00e0 Dakhla et qui a r\u00e9uni les diff\u00e9rents acteurs et intervenants dans la cha\u00eene de valeur touristique au niveau de ce joyau du Sud marocain.<\/p>\n<p>Pr\u00e9sid\u00e9e par Mohamed Lamine Benomar, wali de la r\u00e9gion de Dakhla-Oued Eddahab, cette rencontre tenue par vid\u00e9oconf\u00e9rence a \u00e9t\u00e9 marqu\u00e9e par la participation des diff\u00e9rents repr\u00e9sentants du secteur touristique, dont des restaurateurs, des guides touristiques et des responsables des agences de voyages, ainsi que les institutionnels des secteurs d\u2019activit\u00e9s li\u00e9s au tourisme (RAM, CRI, ONDA et artisanat). Ceux-ci ont proc\u00e9d\u00e9 \u00e0 la pr\u00e9sentation d\u2019un diagnostic r\u00e9el de la situation qui pr\u00e9vaut actuellement, surtout que ce secteur est consid\u00e9r\u00e9 par les plus touch\u00e9s directement par la crise li\u00e9e \u00e0 l\u2019\u00e9pid\u00e9mie Covid-19 et qui s\u2019est consid\u00e9rablement r\u00e9percut\u00e9e sur ce pilier de l\u2019\u00e9conomie locale.<br \/>Les participants \u00e0 cette r\u00e9union ont examin\u00e9 et identifi\u00e9 les obstacles, les moyens et les m\u00e9canismes \u00e0 mettre en \u0153uvre en vue d\u2019att\u00e9nuer les r\u00e9percussions socio-\u00e9conomiques de la crise induite par la pand\u00e9mie du Covid-19 sur l\u2019activit\u00e9 touristique au niveau de Dakhla, et se sont \u00e9galement arr\u00eat\u00e9s sur les aspirations et attentes des professionnels et ce, dans la perspective de l\u2019\u00e9laboration d\u2019un plan d\u2019action permettant d\u2019avoir une visibilit\u00e9 sur le secteur.<\/p>\n<p>D\u2019apr\u00e8s eux, il est primordial d\u2019encourager le tourisme interne et local en tant qu\u2019alternative durant la p\u00e9riode post-confinement, en adoptant des prix exceptionnels et pr\u00e9f\u00e9rentiels et des services de qualit\u00e9 dans l\u2019ensemble des unit\u00e9s h\u00f4teli\u00e8res, \u00e0 m\u00eame de permettre une relance soutenue et s\u00fbre de ce secteur cl\u00e9.<br \/>Dans son intervention par l\u2019occasion, Daif Allah Andour, d\u00e9l\u00e9gu\u00e9 r\u00e9gional du tourisme, a incit\u00e9 les professionnels \u00e0 concocter pour leurs h\u00f4tes et touristes, lors de la p\u00e9riode post-confinement, des offres vari\u00e9es et des packages attractifs avec les diff\u00e9rentes parties prenantes comprenant le transport, l\u2019h\u00e9bergement, la restauration et les activit\u00e9s de loisirs, tout en mettant en valeur des activit\u00e9s sportives telles que le golf de sable, yoga, trekking et kitesurf.<\/p>\n<p>Ce dernier s\u2019est \u00e9galement arr\u00eat\u00e9 sur les diff\u00e9rentes mesures sanitaires \u00e0 adopter, dont le respect de la distanciation sociale, le port de masques et la d\u00e9sinfection r\u00e9guli\u00e8re et constante au niveau de tous les maillons de la cha\u00eene de valeur touristique, notamment le transport a\u00e9rien et terrestre, les \u00e9tablissements d\u2019h\u00e9bergement, les restaurants et les excursions guid\u00e9es.<br \/>Pour rappel, dans un document publi\u00e9 derni\u00e8rement, la Conf\u00e9d\u00e9ration nationale du tourisme (CNT) estime que cette crise sans pr\u00e9c\u00e9dent pour le secteur \u00e0 l\u2019\u00e9chelle mondiale impactera l\u2019industrie touristique marocaine pendant au moins 12 mois, avec une perte en devises estim\u00e9e \u00e0 138 milliards de DH sur 3 ans (sur la base des recettes en devises de 2019).<br \/>Ainsi, tous les acteurs du secteur devront affronter une p\u00e9riode tr\u00e8s difficile jusqu\u2019\u00e0 d\u00e9cembre 2020 (9 mois) et s\u2019attendre \u00e0 une reprise timide et graduelle \u00e0 partir d\u2019avril 2021.<\/p>\n<p>Auteur: Mohamed Laabid<br \/>\n<a href=\"https:\/\/aujourdhui.ma\/economie\/dakhla-les-professionnels-misent-sur-le-tourisme-interne\">Cliquez ici pour lire l&rsquo;article depuis sa source.<\/a><\/p>\n","protected":false},"excerpt":{"rendered":"<p>Meilleure alternative durant la p\u00e9riode post-confinement Cette crise sans pr\u00e9c\u00e9dent pour le secteur \u00e0 l\u2019\u00e9chelle mondiale impactera l\u2019industrie touristique marocaine pendant au moins 12 mois, avec une perte en devises estim\u00e9e \u00e0 138 milliards de DH sur 3 ans. La relance du secteur touristique apr\u00e8s le confinement a \u00e9t\u00e9 au centre d\u2019une rencontre tenue r\u00e9cemment [&hellip;]<\/p>\n","protected":false},"author":1759,"featured_media":87433,"comment_status":"closed","ping_status":"closed","sticky":false,"template":"","format":"standard","meta":{"fifu_image_url":"","fifu_image_alt":"","footnotes":""},"categories":[73,54],"tags":[],"class_list":["post-87432","post","type-post","status-publish","format-standard","has-post-thumbnail","hentry","category-actualite","category-maroc"],"_links":{"self":[{"href":"https:\/\/linitiative.ca\/International\/wp-json\/wp\/v2\/posts\/87432","targetHints":{"allow":["GET"]}}],"collection":[{"href":"https:\/\/linitiative.ca\/International\/wp-json\/wp\/v2\/posts"}],"about":[{"href":"https:\/\/linitiative.ca\/International\/wp-json\/wp\/v2\/types\/post"}],"author":[{"embeddable":true,"href":"https:\/\/linitiative.ca\/International\/wp-json\/wp\/v2\/users\/1759"}],"replies":[{"embeddable":true,"href":"https:\/\/linitiative.ca\/International\/wp-json\/wp\/v2\/comments?post=87432"}],"version-history":[{"count":0,"href":"https:\/\/linitiative.ca\/International\/wp-json\/wp\/v2\/posts\/87432\/revisions"}],"wp:featuredmedia":[{"embeddable":true,"href":"https:\/\/linitiative.ca\/International\/wp-json\/"}],"wp:attachment":[{"href":"https:\/\/linitiative.ca\/International\/wp-json\/wp\/v2\/media?parent=87432"}],"wp:term":[{"taxonomy":"category","embeddable":true,"href":"https:\/\/linitiative.ca\/International\/wp-json\/wp\/v2\/categories?post=87432"},{"taxonomy":"post_tag","embeddable":true,"href":"https:\/\/linitiative.ca\/International\/wp-json\/wp\/v2\/tags?post=87432"}],"curies":[{"name":"wp","href":"https:\/\/api.w.org\/{rel}","templated":true}]}}