{"id":87436,"date":"2020-06-01T10:46:04","date_gmt":"2020-06-01T14:46:04","guid":{"rendered":"https:\/\/linitiative.ca\/International\/turquie-grece-bruits-de-bottes-a-la-frontiere\/"},"modified":"2020-06-01T10:46:04","modified_gmt":"2020-06-01T14:46:04","slug":"turquie-grece-bruits-de-bottes-a-la-frontiere","status":"publish","type":"post","link":"https:\/\/linitiative.ca\/International\/turquie-grece-bruits-de-bottes-a-la-frontiere\/","title":{"rendered":"Turquie-Gr\u00e8ce: Bruits de bottes \u00e0 la fronti\u00e8re\u2026"},"content":{"rendered":"<p class=\"has-text-color c2\"><strong>Mais quelle mouche a donc piqu\u00e9 le pr\u00e9sident turc Recep Tayyip Erdogan pour qu\u2019il envoie ses soldats s\u2019infiltrer chez le voisin grec et occuper une petite bande de terrain d\u2019environ un hectare et demi au nord-ouest du pays \u00e0 la fronti\u00e8re gr\u00e9co-turque d\u2019Evros ? Et pourquoi, par ailleurs, avoir choisi ce moment de confinement g\u00e9n\u00e9ralis\u00e9 \u00e0 cause de la pand\u00e9mie du coronavirus pour remettre en question les fronti\u00e8res terrestres et maritimes qu\u2019il partage avec son voisin grec alors qu\u2019elles avaient \u00e9t\u00e9 clairement d\u00e9limit\u00e9es par le Trait\u00e9 de Lausanne de 1923?<\/strong><\/p>\n<p>S\u2019il semble, \u00e0 premi\u00e8re vue, qu\u2019il s\u2019agit-l\u00e0 d\u2019un acte isol\u00e9, il n\u2019en est rien en r\u00e9alit\u00e9 d\u00e8s lors que ce malencontreux \u00e9v\u00e8nement s\u2019inscrit dans une longue s\u00e9rie de remise en question, par la Turquie, de la souverainet\u00e9 grecque sur toutes les fronti\u00e8res communes car si, pour Ath\u00e8nes le trait\u00e9 pr\u00e9cit\u00e9 est \u00abcoul\u00e9 dans le marbre\u00bb donc d\u00e9finitif, pour Ankara, celui-ci doit encore \u00eatre \u00abr\u00e9vis\u00e9 car \u00e9crit depuis pr\u00e8s d\u2019un si\u00e8cle\u00bb.<\/p>\n<p>A noter que ces derniers temps, des tensions ont fait leur apparition entre les deux pays d\u2019abord en raison d\u2019un diff\u00e9rend portant sur les droits d\u2019exploration gazi\u00e8re au large de Chypre puis du fait des r\u00e9centes mesures prises par la Gr\u00e8ce \u00e0 l\u2019effet d\u2019installer une cl\u00f4ture de 12,5 kilom\u00e8tres de long afin d\u2019emp\u00eacher l\u2019acc\u00e8s \u00e0 l\u2019Union Europ\u00e9enne aux r\u00e9fugi\u00e9s et aux migrants.<\/p>\n<p>Or, cette incursion des forces d\u2019Ankara en territoire grec aurait pu passer inaper\u00e7ue si \u00abArmy Voice\u00bb, un site ind\u00e9pendant sp\u00e9cialis\u00e9 dans les affaires militaires, ne l\u2019avait pas d\u00e9voil\u00e9e en publiant une photo montrant une trentaine de soldats turcs dressant un campement en territoire grec. Cet \u00e9v\u00e8nement a provoqu\u00e9 un vif \u00e9moi en Gr\u00e8ce \u00e0 telle enseigne que si le ministre grec des Affaires \u00e9trang\u00e8res avait, dans un premier temps, ni\u00e9 les faits, il avait fini par admettre, le lendemain, dimanche 24 mai, qu\u2019il y avait bien \u00ab eu pr\u00e9sence des forces turques sur un petit terrain le long du fleuve Evros \u00bb. Aussi, pour arrondir les angles, un communiqu\u00e9 de l\u2019ambassade de Turquie \u00e0 Ath\u00e8nes avait-il tenu \u00e0 pr\u00e9ciser \u00abqu\u2019il ne s\u2019agit pas d\u2019une querelle de fronti\u00e8re (mais) plut\u00f4t (d\u2019)un probl\u00e8me technique absolument normal pour des voisins qui partagent une fronti\u00e8re terrestre\u00bb. Il ajoutera : \u00abce n\u2019est pas un probl\u00e8me alors ne transformons pas cela en probl\u00e8me\u00bb.<\/p>\n<p>Or, loin de calmer le jeu, la d\u00e9claration du diplomate turc, \u00absuspecte\u00bb aux yeux de l\u2019avocate Stavroula Tomara, sp\u00e9cialiste des questions gr\u00e9co-turques, n\u2019a pas eu l\u2019effet escompt\u00e9 puisqu\u2019elle a pouss\u00e9 l\u2019opposition \u00e0 r\u00e9clamer la d\u00e9mission imm\u00e9diate du chef de la diplomatie, Nicos Dendias, car \u00abs\u2019il ne s\u2019agissait que de questions techniques\u00bb, elles auraient d\u00fb \u00eatre d\u00e9nou\u00e9es le 15 Avril dernier quand Ath\u00e8nes avait inform\u00e9 Ankara de son intention de \u00ab renforcer cette fronti\u00e8re pour faire face \u00e0 toute nouvelle arriv\u00e9e massive de migrants\u00bb.<\/p>\n<p>Pour rappel, \u00e0 la fin du mois de F\u00e9vrier dernier, la Turquie avait annonc\u00e9 qu\u2019elle laisserait la voie libre aux migrants pour acc\u00e9der en territoire europ\u00e9en. Des milliers de r\u00e9fugi\u00e9s furent alors repouss\u00e9s par les forces frontali\u00e8res grecques et ce n\u2019est qu\u2019\u00e0 la mi-mars, que la Turquie avait boucl\u00e9 ses fronti\u00e8res avec la Gr\u00e8ce au titre de la mise en place des mesures visant \u00e0 enrayer la propagation du Covid-19.<\/p>\n<p>Enfin, en s\u2019\u00e9rigeant, d\u00e9sormais, comme importante force navale dans la r\u00e9gion, la Turquie qui, \u00e0 l\u2019issue de l\u2019accord turco-libyen, s\u2019est attribu\u00e9 \u00abla part du lion en mati\u00e8re de souverainet\u00e9 en mer Eg\u00e9e\u00bb aurait d\u00e9lib\u00e9r\u00e9ment cr\u00e9\u00e9e cette tension avec la Gr\u00e8ce le long du fleuve Evros pour obliger cette derni\u00e8re \u00e0 s\u2019asseoir \u00e0 la table des n\u00e9gociations et ren\u00e9gocier le sort \u00e0 r\u00e9server \u00e0 certains petits territoires insulaires comme \u00abImia\u00bb ou encore la petite \u00eele habit\u00e9e de Gavdos au sud de la Cr\u00eate afin de pouvoir les placer sous la souverainet\u00e9 d\u2019Ankara. Y parviendra-t-elle ? Attendons pour voir\u2026<\/p>\n<p class=\"c3\"><strong>Nabil El Bousaadi<\/strong><\/p>\n<p>Auteur: M&rsquo;hammed rahal<br \/>\n<a href=\"http:\/\/albayane.press.ma\/turquie-grece-bruits-de-bottes-a-la-frontiere.html\">Cliquez ici pour lire l&rsquo;article depuis sa source.<\/a><\/p>\n","protected":false},"excerpt":{"rendered":"<p>Mais quelle mouche a donc piqu\u00e9 le pr\u00e9sident turc Recep Tayyip Erdogan pour qu\u2019il envoie ses soldats s\u2019infiltrer chez le voisin grec et occuper une petite bande de terrain d\u2019environ un hectare et demi au nord-ouest du pays \u00e0 la fronti\u00e8re gr\u00e9co-turque d\u2019Evros ? Et pourquoi, par ailleurs, avoir choisi ce moment de confinement g\u00e9n\u00e9ralis\u00e9 [&hellip;]<\/p>\n","protected":false},"author":1760,"featured_media":0,"comment_status":"closed","ping_status":"closed","sticky":false,"template":"","format":"standard","meta":{"fifu_image_url":"","fifu_image_alt":"","footnotes":""},"categories":[73,54],"tags":[],"class_list":["post-87436","post","type-post","status-publish","format-standard","hentry","category-actualite","category-maroc"],"_links":{"self":[{"href":"https:\/\/linitiative.ca\/International\/wp-json\/wp\/v2\/posts\/87436","targetHints":{"allow":["GET"]}}],"collection":[{"href":"https:\/\/linitiative.ca\/International\/wp-json\/wp\/v2\/posts"}],"about":[{"href":"https:\/\/linitiative.ca\/International\/wp-json\/wp\/v2\/types\/post"}],"author":[{"embeddable":true,"href":"https:\/\/linitiative.ca\/International\/wp-json\/wp\/v2\/users\/1760"}],"replies":[{"embeddable":true,"href":"https:\/\/linitiative.ca\/International\/wp-json\/wp\/v2\/comments?post=87436"}],"version-history":[{"count":0,"href":"https:\/\/linitiative.ca\/International\/wp-json\/wp\/v2\/posts\/87436\/revisions"}],"wp:attachment":[{"href":"https:\/\/linitiative.ca\/International\/wp-json\/wp\/v2\/media?parent=87436"}],"wp:term":[{"taxonomy":"category","embeddable":true,"href":"https:\/\/linitiative.ca\/International\/wp-json\/wp\/v2\/categories?post=87436"},{"taxonomy":"post_tag","embeddable":true,"href":"https:\/\/linitiative.ca\/International\/wp-json\/wp\/v2\/tags?post=87436"}],"curies":[{"name":"wp","href":"https:\/\/api.w.org\/{rel}","templated":true}]}}