{"id":87437,"date":"2020-06-01T10:56:46","date_gmt":"2020-06-01T14:56:46","guid":{"rendered":"https:\/\/linitiative.ca\/International\/essaouira-a-pied-doeuvre-pour-une-relance-creative-et-volontariste-apres-le-deconfinement%ef%bb%bf\/"},"modified":"2020-06-01T10:56:46","modified_gmt":"2020-06-01T14:56:46","slug":"essaouira-a-pied-doeuvre-pour-une-relance-creative-et-volontariste-apres-le-deconfinement%ef%bb%bf","status":"publish","type":"post","link":"https:\/\/linitiative.ca\/International\/essaouira-a-pied-doeuvre-pour-une-relance-creative-et-volontariste-apres-le-deconfinement%ef%bb%bf\/","title":{"rendered":"Essaouira \u00e0 pied d\u2019\u0153uvre pour une relance cr\u00e9ative et volontariste apr\u00e8s le d\u00e9confinement\ufeff"},"content":{"rendered":"<p class=\"has-text-color c2\"><em>A la faveur de la synergie de leurs efforts et de la f\u00e9d\u00e9ration de leurs \u00e9nergies, les diff\u00e9rentes forces vives d\u2019Essaouira se sont engag\u00e9es volontairement, depuis quelques semaines, dans un cycle de concertation interactive et de r\u00e9flexion collective autour des moyens et instruments \u00e0 mettre en \u0153uvre pour assurer \u00e0 la Cit\u00e9 des Aliz\u00e9s une relance multidimensionnelle, \u00e0 la fois cr\u00e9ative et volontariste durant la p\u00e9riode post-confinement.<\/em><\/p>\n<p>Organis\u00e9es \u00e0 l\u2019initiative de l\u2019Association Essaouira-Mogador, en partenariat avec le Conseil provincial du Tourisme (CPT) sous le th\u00e8me \u00ab\u00a0Essaouira, le Jour d\u2019Apr\u00e8s\u00a0\u00bb, ces rencontres, marqu\u00e9es du sceau de la convivialit\u00e9 et du franc-parler, ont permis aux personnalit\u00e9s et acteurs participants, issus de divers horizons, d\u2019engager des d\u00e9bats riches et constructifs sur la m\u00e9thodologie \u00e0 adopter pour garantir \u00e0 la province d\u2019Essaouira son plein envol apr\u00e8s le d\u00e9confinement, dans tous les domaines, notamment touristique et culturel.<\/p>\n<div class=\"wp-block-image\"><img loading=\"lazy\" decoding=\"async\" src=\"http:\/\/albayane.press.ma\/wp-content\/uploads\/essaouira.jpg\" alt=\"\" class=\"wp-image-90131\" width=\"552\" height=\"325\"\/><\/div>\n<p>Ces consultations, rehauss\u00e9es par la pr\u00e9sence de M. Andr\u00e9 Azoulay, Conseiller de Sa Majest\u00e9 le Roi et Pr\u00e9sident Fondateur de l\u2019Association Essaouira-Mogador, ont permis aux intervenants d\u2019exposer leurs points de vue et d\u2019exprimer leurs attentes et id\u00e9es de projets, avec pour principale vis\u00e9e de \u00ab\u00a0r\u00e9inventer\u00a0\u00bb la promotion de la destination d\u2019Essaouira et de mieux repositionner cette Cit\u00e9, dot\u00e9e d\u2019un riche pass\u00e9 historique, civilisationnel et architectural si singulier, \u00e0 m\u00eame d\u2019occuper la place de choix qui lui sied sur les plans national et international.<br \/>Dans ce cadre, une 3\u00e8me visioconf\u00e9rence a \u00e9t\u00e9 organis\u00e9e, samedi, en pr\u00e9sence d\u2019une cinquantaine de participants, avec un focus, cette fois-ci, sur une s\u00e9rie de projets \u00e0 retenir et leur faisabilit\u00e9 pour pr\u00e9parer un nouveau d\u00e9collage tous azimuts de la Cit\u00e9 des Aliz\u00e9s.<\/p>\n<p>Lors de cette rencontre, ponctu\u00e9e d\u2019un vibrant hommage posthume rendu au grand militant, feu Ma\u00eetre Abderrahmane El-Youssoufi, ancien Premier ministre, d\u00e9c\u00e9d\u00e9 \u00e0 l\u2019\u00e2ge de 96 ans, le pr\u00e9sident du conseil d\u2019administration de l\u2019Association Essaouira-Mogador, Redwane Khanne, s\u2019est f\u00e9licit\u00e9 de la forte participation d\u2019un riche parterre de personnalit\u00e9s et d\u2019acteurs repr\u00e9sentant divers secteurs, tout en mettant en relief la qualit\u00e9 des d\u00e9bats riches et fructueux enclench\u00e9s.<\/p>\n<p>Rappelant que le premier webinaire a \u00e9t\u00e9 l\u2019occasion de renouer le contact, d\u2019amorcer les d\u00e9bats et d\u2019entamer la r\u00e9flexion n\u00e9cessaire autour du \u00ab\u00a0Jour d\u2019apr\u00e8s\u00a0\u00bb \u00e0 Essaouira, il a not\u00e9 que la 2\u00e8me rencontre de ce cycle de visioconf\u00e9rences a permis de pr\u00e9senter des projets \u00e0 retenir dans cette optique, pr\u00e9cisant que cette nouvelle visioconf\u00e9rence est d\u00e9di\u00e9e essentiellement auxdits projets et \u00e0 leur faisabilit\u00e9.<\/p>\n<p>Parmi ces projets pr\u00e9sent\u00e9s, aussi pertinents les uns que les autres, figure celui d\u2019une application mobile qui permettra de mettre en valeur le patrimoine historique et culturel de la Cit\u00e9 des Aliz\u00e9s, de toucher une cible plus large de touristes, de promouvoir Essaouira sur le web, et d\u2019\u00e9voluer en termes de communication interactive et de marketing digital en vue de mieux informer les visiteurs et de diffuser une image plus dynamique de la ville.<\/p>\n<p>Il s\u2019agit \u00e9galement de la r\u00e9alisation de capsules vid\u00e9os pour promouvoir la destination Essaouira, de la cr\u00e9ation d\u2019un espace-mus\u00e9e d\u00e9di\u00e9 sp\u00e9cialement \u00e0 l\u2019art et \u00e0 la culture des Gnaoua, et de la mise sur pied d\u2019un programme d\u2019animation quotidienne pendant la p\u00e9riode d\u2019\u00e9t\u00e9 autour des th\u00e8mes des trois cultures pour un partage du patrimoine culturel et cultuel d\u2019Essaouira, terre du vivre-ensemble et symbole \u00e9loquent de la coexistence exemplaire entre les religions et du dialogue interculturel.<\/p>\n<p>Autre projet, qui incarne cette effervescence cr\u00e9ative \u00e0 Essaouira, il y a lieu de citer le \u00ab\u00a0Moga Live Streaming 2020\u00a0\u00bb, port\u00e9 par Moga Festival et qui propose une op\u00e9ration digitale et un \u00e9v\u00e9nement artistique exclusif pour le rayonnement du Royaume et de la cit\u00e9 des Aliz\u00e9s, dot\u00e9e de tous les \u00e9l\u00e9ments pour faire de ce projet un succ\u00e8s international.<\/p>\n<p>D\u2019autres id\u00e9es de projets ont aussi \u00e9t\u00e9 expos\u00e9es, notamment la mise en r\u00e9seau d\u2019un groupe d\u2019op\u00e9rateurs pour offrir aux touristes un parcours et un circuit gastronomique, \u00e9cologique et des produits du terroir de l\u2019arri\u00e8re-pays d\u2019Essaouira, le d\u00e9veloppement d\u2019une application d\u00e9di\u00e9e aux circuits touristiques intramuros et p\u00e9riph\u00e9riques pour la promotion du tourisme domestique, outre l\u2019\u00e9laboration d\u2019un guide simplifi\u00e9 des mesures sanitaires de pr\u00e9vention pour la reprise des activit\u00e9s culturelles dans la ville.<\/p>\n<p>Cette r\u00e9flexion collective et prospective men\u00e9e dans le cadre d\u2019une approche participative a donc permis de jeter les fondements d\u2019une vision future, innovante et renouvel\u00e9e afin de r\u00e9pondre aux aspirations de la soci\u00e9t\u00e9 souirie pour un \u00ab\u00a0Jour d\u2019Apr\u00e8s\u00a0\u00bb qui soit digne de la renomm\u00e9e nationale et internationale de cette Cit\u00e9 mill\u00e9naire.<\/p>\n<p>(MAP)<\/p>\n<p>Auteur: M&rsquo;hammed rahal<br \/>\n<a href=\"http:\/\/albayane.press.ma\/essaouira-a-pied-doeuvre-pour-une-relance-creative-et-volontariste-apres-le-deconfinement%EF%BB%BF.html\">Cliquez ici pour lire l&rsquo;article depuis sa source.<\/a><\/p>\n","protected":false},"excerpt":{"rendered":"<p>A la faveur de la synergie de leurs efforts et de la f\u00e9d\u00e9ration de leurs \u00e9nergies, les diff\u00e9rentes forces vives d\u2019Essaouira se sont engag\u00e9es volontairement, depuis quelques semaines, dans un cycle de concertation interactive et de r\u00e9flexion collective autour des moyens et instruments \u00e0 mettre en \u0153uvre pour assurer \u00e0 la Cit\u00e9 des Aliz\u00e9s une [&hellip;]<\/p>\n","protected":false},"author":1760,"featured_media":87438,"comment_status":"closed","ping_status":"closed","sticky":false,"template":"","format":"standard","meta":{"fifu_image_url":"","fifu_image_alt":"","footnotes":""},"categories":[73,54],"tags":[],"class_list":["post-87437","post","type-post","status-publish","format-standard","has-post-thumbnail","hentry","category-actualite","category-maroc"],"_links":{"self":[{"href":"https:\/\/linitiative.ca\/International\/wp-json\/wp\/v2\/posts\/87437","targetHints":{"allow":["GET"]}}],"collection":[{"href":"https:\/\/linitiative.ca\/International\/wp-json\/wp\/v2\/posts"}],"about":[{"href":"https:\/\/linitiative.ca\/International\/wp-json\/wp\/v2\/types\/post"}],"author":[{"embeddable":true,"href":"https:\/\/linitiative.ca\/International\/wp-json\/wp\/v2\/users\/1760"}],"replies":[{"embeddable":true,"href":"https:\/\/linitiative.ca\/International\/wp-json\/wp\/v2\/comments?post=87437"}],"version-history":[{"count":0,"href":"https:\/\/linitiative.ca\/International\/wp-json\/wp\/v2\/posts\/87437\/revisions"}],"wp:featuredmedia":[{"embeddable":true,"href":"https:\/\/linitiative.ca\/International\/wp-json\/"}],"wp:attachment":[{"href":"https:\/\/linitiative.ca\/International\/wp-json\/wp\/v2\/media?parent=87437"}],"wp:term":[{"taxonomy":"category","embeddable":true,"href":"https:\/\/linitiative.ca\/International\/wp-json\/wp\/v2\/categories?post=87437"},{"taxonomy":"post_tag","embeddable":true,"href":"https:\/\/linitiative.ca\/International\/wp-json\/wp\/v2\/tags?post=87437"}],"curies":[{"name":"wp","href":"https:\/\/api.w.org\/{rel}","templated":true}]}}