{"id":87439,"date":"2020-06-01T11:05:08","date_gmt":"2020-06-01T15:05:08","guid":{"rendered":"https:\/\/linitiative.ca\/International\/%ef%bb%bfheurts-pres-de-la-maison-blanche-couvre-feu-dans-de-grandes-villes\/"},"modified":"2020-06-01T11:05:08","modified_gmt":"2020-06-01T15:05:08","slug":"%ef%bb%bfheurts-pres-de-la-maison-blanche-couvre-feu-dans-de-grandes-villes","status":"publish","type":"post","link":"https:\/\/linitiative.ca\/International\/%ef%bb%bfheurts-pres-de-la-maison-blanche-couvre-feu-dans-de-grandes-villes\/","title":{"rendered":"\ufeffHeurts pr\u00e8s de la Maison Blanche, couvre-feu dans de grandes villes"},"content":{"rendered":"<p class=\"has-text-color has-vivid-red-color c2\"><strong>Mort de George Floyd<\/strong><\/p>\n<p class=\"has-text-color c3\"><strong>La police a dispers\u00e9 \u00e0 coups de gaz lacrymog\u00e8ne, dimanche soir pr\u00e8s de la Maison-Blanche, des manifestants enfreignant le couvre-feu d\u00e9cr\u00e9t\u00e9 dans la capitale et d\u2019autres grandes villes des Etats-Unis, th\u00e9\u00e2tres de manifestations parfois violentes depuis plusieurs jours contre les brutalit\u00e9s polici\u00e8res et le racisme.<\/strong><\/p>\n<p>La col\u00e8re qui a explos\u00e9 \u00e0 Minneapolis (Nord), apr\u00e8s le d\u00e9c\u00e8s le 25 mai de George Floyd, un Afro-am\u00e9ricain de 46 ans, lors de son arrestation par un policier blanc, s\u2019est rapidement propag\u00e9e et plusieurs milliers de personnes ont manifest\u00e9 ces derniers jours, \u00e0 travers le pays, contre les violences polici\u00e8res et le racisme.<\/p>\n<p>Certaines manifestations ont \u00e9t\u00e9 \u00e9maill\u00e9es de violences et de pillages et un couvre-feu a \u00e9t\u00e9 impos\u00e9 notamment \u00e0 Washington, Minneapolis, Los Angeles (Ouest) et Houston (Sud).<\/p>\n<p>Dimanche soir, de nouveaux affrontements ont oppos\u00e9 policiers et manifestants et des pillages ont \u00e9t\u00e9 signal\u00e9s \u00e0 Philadelphie et New York (Est), ainsi que dans un centre commercial hupp\u00e9 de Santa Monica, dans la banlieue de Los Angeles.<\/p>\n<p>Tout en disant comprendre leur col\u00e8re, des responsables locaux ont exhort\u00e9 les manifestants \u00e0 la retenue avant cette sixi\u00e8me nuit de protestation, tandis que Donald Trump, confront\u00e9 aux d\u00e9sordres civils les plus graves de son mandat, fustigeait les \u00abanarchistes\u00bb.<\/p>\n<p>Environ 5.000 soldats de la Garde nationale ont \u00e9t\u00e9 d\u00e9ploy\u00e9s dans quinze Etats et \u00e0 Washington, o\u00f9 une foule s\u2019est mass\u00e9e dimanche devant la Maison-Blanche en scandant des slogans, en allumant des feux et en brandissant des pancartes.<\/p>\n<p>Selon le quotidien New York Times, Donald Trump avait \u00e9t\u00e9 mis, vendredi soir lors d\u2019une manifestation similaire devant la r\u00e9sidence officielle, \u00e0 l\u2019abri dans un bunker souterrain.<\/p>\n<p>Des manifestations se sont aussi d\u00e9roul\u00e9 \u00e0 Miami et \u00e0 New York notamment. \u00abBlack Lives Matter\u00bb (\u00abLa vie des Noirs compte\u00bb), \u00abI can\u2019t breathe\u00bb (\u00abJe ne peux pas respirer\u00bb, les derniers mots de Floyd), ont scand\u00e9 les manifestants.<\/p>\n<p>A Saint-Paul, ville qui jouxte Minneapolis, des milliers de personnes ont r\u00e9clam\u00e9 que les policiers impliqu\u00e9s dans la mort de Floyd rendent tous des comptes.<\/p>\n<p>Pour l\u2019instant, un seul, Derek Chauvin, a \u00e9t\u00e9 arr\u00eat\u00e9 et inculp\u00e9 d\u2019homicide involontaire. On le voit dans une vid\u00e9o virale maintenir pendant de longues minutes son genou sur le cou du quadrag\u00e9naire, qui se plaint de ne pouvoir respirer.<\/p>\n<p>Le policier doit compara\u00eetre lundi devant un tribunal lors d\u2019une premi\u00e8re audience. \u00abNous avons des enfants noirs, des fr\u00e8res noirs, des amis noirs, nous ne voulons pas qu\u2019ils meurent. Nous sommes fatigu\u00e9s que \u00e7a se r\u00e9p\u00e8te, cette g\u00e9n\u00e9ration ne se laissera pas faire. Nous en avons assez de l\u2019oppression\u00bb, a expliqu\u00e9 \u00e0 l\u2019AFP Muna Abdi, une manifestante noire de 31 ans \u00e0 Saint-Paul.<\/p>\n<p>Les violences avaient gagn\u00e9 d\u00e8s samedi soir de nombreuses villes, dont New York, Philadelphie, Dallas, Las Vegas, Seattle, Des Moines, Memphis, Los Angeles, Atlanta, Miami, Portland, Chicago et Washington.<br \/>Des routes ont \u00e9t\u00e9 coup\u00e9es, des voitures et des commerces incendi\u00e9s et les forces de l\u2019ordre, d\u00e9ploy\u00e9es en grand nombre, ont r\u00e9pliqu\u00e9 par des gaz lacrymog\u00e8nes et parfois des balles en caoutchouc.<\/p>\n<p>\u00abS\u2019il vous pla\u00eet, rentrez chez vous t\u00f4t, restez \u00e0 la maison (\u2026) Nous devons revenir \u00e0 l\u2019urgence qu\u2019est la construction de la justice, pas br\u00fbler une ville\u00bb, a plaid\u00e9 dimanche sur CNN le maire de Los Angeles Eric Garcetti.<\/p>\n<p>Donald Trump a promis de \u00abstopper la violence collective\u00bb et d\u00e9nonc\u00e9 les agissements de \u00abgauchistes radicaux\u00bb, notamment la mouvance radicale \u00abantifa\u00bb (antifasciste), qu\u2019il a annonc\u00e9 vouloir r\u00e9pertorier comme organisation terroriste.<\/p>\n<p>Dimanche, il a retweet\u00e9 le message d\u2019un animateur de radio conservateur affirmant: \u00abCela ne s\u2019arr\u00eatera que si les gens bien se montrent pr\u00eats \u00e0 faire usage d\u2019une force \u00e9crasante contre les m\u00e9chants\u00bb.<\/p>\n<p>\u00abLe pr\u00e9sident Trump aggrave les choses\u00bb, a r\u00e9agi la maire d\u2019Atlanta, Keisha Lance Bottoms, \u00abil devrait juste se taire\u00bb.<\/p>\n<p>\u00abC\u2019est comme si Charlottesville recommen\u00e7ait. Il parle et fait empirer la situation\u00bb, a-t-elle poursuivi, en r\u00e9f\u00e9rence aux violents affrontements y ayant oppos\u00e9 en ao\u00fbt 2017 militants supr\u00e9macistes blancs et manifestants antiracistes et antifascistes.<\/p>\n<p>Un supr\u00e9maciste blanc avait volontairement percut\u00e9 avec sa voiture un rassemblement de contremanifestants, tuant une jeune femme. Mais M. Trump avait renvoy\u00e9 les deux camps dos \u00e0 dos et jug\u00e9 qu\u2019il y avait \u00abdes gens tr\u00e8s bien\u00bb des deux c\u00f4t\u00e9s.<\/p>\n<p>Des footballeurs en Europe ont affich\u00e9 leur solidarit\u00e9, comme l\u2019attaquant Marcus Thuram, fils du champion du monde fran\u00e7ais 1998 Lilian Thuram, qui a mis un genou \u00e0 terre dimanche, un geste popularis\u00e9 en 2016 par le joueur de football am\u00e9ricain Colin Kaepernick pour protester contre les violences polici\u00e8res contre les minorit\u00e9s.<\/p>\n<p>Des manifestations contre les brutalit\u00e9s polici\u00e8res et le racisme aux Etats-Unis ont aussi eu lieu dimanche \u00e0 Londres et lundi en Nouvelle-Z\u00e9lande.<\/p>\n<p>Les rivaux des Etats-Unis dans le monde n\u2019ont pas laiss\u00e9 passer l\u2019occasion de critiquer Washington.<\/p>\n<p>La Chine, avec laquelle les tensions sont croissantes depuis l\u2019\u00e9lection de M. Trump, a d\u00e9nonc\u00e9 la \u00abmaladie chronique\u00bb du racisme aux Etats-Unis.<\/p>\n<p>T\u00e9h\u00e9ran, ennemi jur\u00e9 de Washington, a de son c\u00f4t\u00e9 d\u00e9nonc\u00e9 \u00abl\u2019oppression\u00bb du peuple am\u00e9ricain et appel\u00e9 la police am\u00e9ricaine \u00e0 \u00abarr\u00eater la violence\u00bb contre la population et \u00e0 la \u00ablaisser respirer\u00bb.<\/p>\n<p>Auteur: M&rsquo;hammed rahal<br \/>\n<a href=\"http:\/\/albayane.press.ma\/%EF%BB%BFheurts-pres-de-la-maison-blanche-couvre-feu-dans-de-grandes-villes.html\">Cliquez ici pour lire l&rsquo;article depuis sa source.<\/a><\/p>\n","protected":false},"excerpt":{"rendered":"<p>Mort de George Floyd La police a dispers\u00e9 \u00e0 coups de gaz lacrymog\u00e8ne, dimanche soir pr\u00e8s de la Maison-Blanche, des manifestants enfreignant le couvre-feu d\u00e9cr\u00e9t\u00e9 dans la capitale et d\u2019autres grandes villes des Etats-Unis, th\u00e9\u00e2tres de manifestations parfois violentes depuis plusieurs jours contre les brutalit\u00e9s polici\u00e8res et le racisme. La col\u00e8re qui a explos\u00e9 \u00e0 [&hellip;]<\/p>\n","protected":false},"author":1760,"featured_media":0,"comment_status":"closed","ping_status":"closed","sticky":false,"template":"","format":"standard","meta":{"fifu_image_url":"","fifu_image_alt":"","footnotes":""},"categories":[73,54],"tags":[],"class_list":["post-87439","post","type-post","status-publish","format-standard","hentry","category-actualite","category-maroc"],"_links":{"self":[{"href":"https:\/\/linitiative.ca\/International\/wp-json\/wp\/v2\/posts\/87439","targetHints":{"allow":["GET"]}}],"collection":[{"href":"https:\/\/linitiative.ca\/International\/wp-json\/wp\/v2\/posts"}],"about":[{"href":"https:\/\/linitiative.ca\/International\/wp-json\/wp\/v2\/types\/post"}],"author":[{"embeddable":true,"href":"https:\/\/linitiative.ca\/International\/wp-json\/wp\/v2\/users\/1760"}],"replies":[{"embeddable":true,"href":"https:\/\/linitiative.ca\/International\/wp-json\/wp\/v2\/comments?post=87439"}],"version-history":[{"count":0,"href":"https:\/\/linitiative.ca\/International\/wp-json\/wp\/v2\/posts\/87439\/revisions"}],"wp:attachment":[{"href":"https:\/\/linitiative.ca\/International\/wp-json\/wp\/v2\/media?parent=87439"}],"wp:term":[{"taxonomy":"category","embeddable":true,"href":"https:\/\/linitiative.ca\/International\/wp-json\/wp\/v2\/categories?post=87439"},{"taxonomy":"post_tag","embeddable":true,"href":"https:\/\/linitiative.ca\/International\/wp-json\/wp\/v2\/tags?post=87439"}],"curies":[{"name":"wp","href":"https:\/\/api.w.org\/{rel}","templated":true}]}}