{"id":87449,"date":"2020-06-01T11:23:00","date_gmt":"2020-06-01T15:23:00","guid":{"rendered":"https:\/\/linitiative.ca\/International\/une-web-tv-pour-les-candidats\/"},"modified":"2020-06-01T11:23:00","modified_gmt":"2020-06-01T15:23:00","slug":"une-web-tv-pour-les-candidats","status":"publish","type":"post","link":"https:\/\/linitiative.ca\/International\/une-web-tv-pour-les-candidats\/","title":{"rendered":"Une Web TV pour les candidats"},"content":{"rendered":"<div id=\"originalText\" readability=\"46\">\n<p>Le minist\u00e8re de l&rsquo;\u00c9ducation a annonc\u00e9, ce lundi, le lancement des cours sur la m\u00e9thodologie \u00e0 suivre dans la correction des sujets d\u2019examens, dans le cadre d\u2019un accompagnement p\u00e9dagogique pour les \u00e9l\u00e8ves de quatri\u00e8me ann\u00e9e moyenne et 3e ann\u00e9e secondaire.<\/p>\n<p>Cette initiative a pour but d\u2019apporter \u00ab\u00a0un soutien psychologique et une bonne pr\u00e9paration pour les \u00e9l\u00e8ves\u00a0\u00bb, pr\u00e9cise le communiqu\u00e9 du minist\u00e8re, en indiquant que \u00ab\u00a0la diffusion de ces programmes d\u00e9butera \u00e0 partir d\u2019aujourd\u2019hui, lundi 01 juin 2020, via un lien de Web TV du Centre de Recherche sur l\u2019Information Scientifique et Technique \u00ab\u00a0Cerist\u00a0\u00bb.<\/p>\n<p><img decoding=\"async\" alt=\"\" src=\"\/data\/upload\/101198774_1546225518872019_7552022703738191872_o.jpg\" class=\"c6\"\/><\/p>\n<p class=\"c7\"><strong>S.B<\/strong><\/p>\n<\/div>\n<div id=\"text_core\" readability=\"46\">\n<p>Le minist\u00e8re de l&rsquo;\u00c9ducation a annonc\u00e9, ce lundi, le lancement des cours sur la m\u00e9thodologie \u00e0 suivre dans la correction des sujets d\u2019examens, dans le cadre d\u2019un accompagnement p\u00e9dagogique pour les \u00e9l\u00e8ves de quatri\u00e8me ann\u00e9e moyenne et 3e ann\u00e9e secondaire.<\/p>\n<p>Cette initiative a pour but d\u2019apporter \u00ab\u00a0un soutien psychologique et une bonne pr\u00e9paration pour les \u00e9l\u00e8ves\u00a0\u00bb, pr\u00e9cise le communiqu\u00e9 du minist\u00e8re, en indiquant que \u00ab\u00a0la diffusion de ces programmes d\u00e9butera \u00e0 partir d\u2019aujourd\u2019hui, lundi 01 juin 2020, via un lien de Web TV du Centre de Recherche sur l\u2019Information Scientifique et Technique \u00ab\u00a0Cerist\u00a0\u00bb.<\/p>\n<p><img decoding=\"async\" alt=\"\" src=\"\/data\/upload\/101198774_1546225518872019_7552022703738191872_o.jpg\" class=\"c6\"\/><\/p>\n<p class=\"c7\"><strong>S.B<\/strong><\/p>\n<\/div>\n<p>Auteur:<br \/>\n<a href=\"https:\/\/www.liberte-algerie.com\/actualite\/une-web-tv-pour-les-candidats-339466\">Cliquez ici pour lire l&rsquo;article depuis sa source.<\/a><\/p>\n","protected":false},"excerpt":{"rendered":"<p>Le minist\u00e8re de l&rsquo;\u00c9ducation a annonc\u00e9, ce lundi, le lancement des cours sur la m\u00e9thodologie \u00e0 suivre dans la correction des sujets d\u2019examens, dans le cadre d\u2019un accompagnement p\u00e9dagogique pour les \u00e9l\u00e8ves de quatri\u00e8me ann\u00e9e moyenne et 3e ann\u00e9e secondaire. Cette initiative a pour but d\u2019apporter \u00ab\u00a0un soutien psychologique et une bonne pr\u00e9paration pour les [&hellip;]<\/p>\n","protected":false},"author":1742,"featured_media":87450,"comment_status":"closed","ping_status":"closed","sticky":false,"template":"","format":"standard","meta":{"fifu_image_url":"","fifu_image_alt":"","footnotes":""},"categories":[73,53],"tags":[],"class_list":["post-87449","post","type-post","status-publish","format-standard","has-post-thumbnail","hentry","category-actualite","category-algerie"],"_links":{"self":[{"href":"https:\/\/linitiative.ca\/International\/wp-json\/wp\/v2\/posts\/87449","targetHints":{"allow":["GET"]}}],"collection":[{"href":"https:\/\/linitiative.ca\/International\/wp-json\/wp\/v2\/posts"}],"about":[{"href":"https:\/\/linitiative.ca\/International\/wp-json\/wp\/v2\/types\/post"}],"author":[{"embeddable":true,"href":"https:\/\/linitiative.ca\/International\/wp-json\/wp\/v2\/users\/1742"}],"replies":[{"embeddable":true,"href":"https:\/\/linitiative.ca\/International\/wp-json\/wp\/v2\/comments?post=87449"}],"version-history":[{"count":0,"href":"https:\/\/linitiative.ca\/International\/wp-json\/wp\/v2\/posts\/87449\/revisions"}],"wp:featuredmedia":[{"embeddable":true,"href":"https:\/\/linitiative.ca\/International\/wp-json\/"}],"wp:attachment":[{"href":"https:\/\/linitiative.ca\/International\/wp-json\/wp\/v2\/media?parent=87449"}],"wp:term":[{"taxonomy":"category","embeddable":true,"href":"https:\/\/linitiative.ca\/International\/wp-json\/wp\/v2\/categories?post=87449"},{"taxonomy":"post_tag","embeddable":true,"href":"https:\/\/linitiative.ca\/International\/wp-json\/wp\/v2\/tags?post=87449"}],"curies":[{"name":"wp","href":"https:\/\/api.w.org\/{rel}","templated":true}]}}