{"id":87455,"date":"2020-06-01T10:25:50","date_gmt":"2020-06-01T14:25:50","guid":{"rendered":"https:\/\/linitiative.ca\/International\/ouverture-du-souk-hebdomadaire-de-sidi-bou-othmane-aux-eleveurs\/"},"modified":"2020-06-01T10:25:50","modified_gmt":"2020-06-01T14:25:50","slug":"ouverture-du-souk-hebdomadaire-de-sidi-bou-othmane-aux-eleveurs","status":"publish","type":"post","link":"https:\/\/linitiative.ca\/International\/ouverture-du-souk-hebdomadaire-de-sidi-bou-othmane-aux-eleveurs\/","title":{"rendered":"Ouverture du souk hebdomadaire de Sidi Bou Othmane aux \u00e9leveurs"},"content":{"rendered":"<div readability=\"36\">\n<p>Sidi Bou Othmane (province de Rahamna) \u2013 Les autorit\u00e9s provinciales de Rehamna ont d\u00e9cid\u00e9 d\u2019ouvrir, lundi, le souk hebdomadaire de la ville de Sidi Bou Othmane uniquement aux \u00e9leveurs et aux marchands du b\u00e9tail.<\/p>\n<\/div>\n<div readability=\"76\">\n<p>Cette mesure s\u2019inscrit dans le cadre de la valorisation et de l\u2019encouragement du secteur de l\u2019\u00e9levage au niveau de la province de Rehamna, afin d\u2019att\u00e9nuer les effets n\u00e9gatifs du confinement sanitaire sur les \u00e9leveurs.<\/p>\n<p>Dans une d\u00e9claration \u00e0 la MAP \u00e0 cette occasion, le pr\u00e9sident du conseil de la commune urbaine de Sidi Bou Othmane, Khalid El Batnaoui, a affirm\u00e9 l\u2019ouverture de ce souk hebdomadaire aux \u00e9leveurs et aux marchands du b\u00e9tail et ce, en coordination avec les autorit\u00e9s provinciales et les services concern\u00e9s.<\/p>\n<p>\u00ab\u00a0Ce souk, qui sera r\u00e9serv\u00e9 \u00e0 la vente et \u00e0 l\u2019achat du b\u00e9tail et des fourrages, ouvrira ses portes une fois par semaine (lundi), si l\u2019op\u00e9ration se d\u00e9roule dans de bonnes conditions\u00a0\u00bb, a-t-il soulign\u00e9.<\/p>\n<p>M. Batnaoui a, dans la foul\u00e9e, appel\u00e9 l\u2019ensemble des usagers et des visiteurs de ce march\u00e9 hebdomadaire, \u00e0 respecter les r\u00e8gles d\u2019hygi\u00e8ne et les mesures de s\u00e9curit\u00e9 sanitaire, et \u00e0 faire preuve de responsabilit\u00e9 et de patriotisme en se conformant scrupuleusement aux consignes des autorit\u00e9s comp\u00e9tentes.<\/p>\n<p>Le responsable a, en outre, indiqu\u00e9 que la commune a mobilis\u00e9 une \u00e9quipe d\u2019employ\u00e9s \u00e0 l\u2019entr\u00e9e du souk, en vue de proc\u00e9der \u00e0 la st\u00e9rilisation et \u00e0 la d\u00e9sinfection des camions transportant le b\u00e9tail.<\/p>\n<p>Des commissions sp\u00e9cialis\u00e9es veilleront, sous la supervision des autorit\u00e9s locales, des services s\u00e9curitaires et des d\u00e9partements concern\u00e9s, au respect par les visiteurs du souk des mesures pr\u00e9ventives et de s\u00e9curit\u00e9 sanitaire, afin de contenir la propagation du Covid-19.<\/p>\n<\/div>\n<p>Auteur: Meriem IGASS<br \/>\n<a href=\"http:\/\/www.mapmarrakech.ma\/fr\/ouverture-du-souk-hebdomadaire-de-sidi-bou-othmane-aux-eleveurs\/\">Cliquez ici pour lire l&rsquo;article depuis sa source.<\/a><\/p>\n","protected":false},"excerpt":{"rendered":"<p>Sidi Bou Othmane (province de Rahamna) \u2013 Les autorit\u00e9s provinciales de Rehamna ont d\u00e9cid\u00e9 d\u2019ouvrir, lundi, le souk hebdomadaire de la ville de Sidi Bou Othmane uniquement aux \u00e9leveurs et aux marchands du b\u00e9tail. Cette mesure s\u2019inscrit dans le cadre de la valorisation et de l\u2019encouragement du secteur de l\u2019\u00e9levage au niveau de la province [&hellip;]<\/p>\n","protected":false},"author":1788,"featured_media":0,"comment_status":"closed","ping_status":"closed","sticky":false,"template":"","format":"standard","meta":{"fifu_image_url":"","fifu_image_alt":"","footnotes":""},"categories":[54,76],"tags":[],"class_list":["post-87455","post","type-post","status-publish","format-standard","hentry","category-maroc","category-regions"],"_links":{"self":[{"href":"https:\/\/linitiative.ca\/International\/wp-json\/wp\/v2\/posts\/87455","targetHints":{"allow":["GET"]}}],"collection":[{"href":"https:\/\/linitiative.ca\/International\/wp-json\/wp\/v2\/posts"}],"about":[{"href":"https:\/\/linitiative.ca\/International\/wp-json\/wp\/v2\/types\/post"}],"author":[{"embeddable":true,"href":"https:\/\/linitiative.ca\/International\/wp-json\/wp\/v2\/users\/1788"}],"replies":[{"embeddable":true,"href":"https:\/\/linitiative.ca\/International\/wp-json\/wp\/v2\/comments?post=87455"}],"version-history":[{"count":0,"href":"https:\/\/linitiative.ca\/International\/wp-json\/wp\/v2\/posts\/87455\/revisions"}],"wp:attachment":[{"href":"https:\/\/linitiative.ca\/International\/wp-json\/wp\/v2\/media?parent=87455"}],"wp:term":[{"taxonomy":"category","embeddable":true,"href":"https:\/\/linitiative.ca\/International\/wp-json\/wp\/v2\/categories?post=87455"},{"taxonomy":"post_tag","embeddable":true,"href":"https:\/\/linitiative.ca\/International\/wp-json\/wp\/v2\/tags?post=87455"}],"curies":[{"name":"wp","href":"https:\/\/api.w.org\/{rel}","templated":true}]}}