{"id":87456,"date":"2020-06-01T12:29:53","date_gmt":"2020-06-01T16:29:53","guid":{"rendered":"https:\/\/linitiative.ca\/International\/covid-19-marrakech-remercie-ses-heros\/"},"modified":"2020-06-01T12:29:53","modified_gmt":"2020-06-01T16:29:53","slug":"covid-19-marrakech-remercie-ses-heros","status":"publish","type":"post","link":"https:\/\/linitiative.ca\/International\/covid-19-marrakech-remercie-ses-heros\/","title":{"rendered":"Covid-19 : Marrakech remercie \u00ab\u00a0ses H\u00e9ros\u00a0\u00bb"},"content":{"rendered":"<div class=\"single-featured\"><img alt=\"\" data-src=\"http:\/\/www.mapmarrakech.ma\/map\/uploads\/2020\/06\/merci-h&#xE9;ros-copier.jpg\"\/><\/div>\n<div class=\"single-post-excerpt post-excerpt-bc\" readability=\"39\">\n<p>Marrakech \u2013 Marrakech a rendu hommage \u00e0 l\u2019ensemble des autorit\u00e9s et corps de s\u00e9curit\u00e9, de sant\u00e9 et de protection civile de la ville, pour leur mobilisation infaillible, leur d\u00e9vouement et leurs efforts inlassables depuis le d\u00e9clenchement de la pand\u00e9mie du Covid-19, afin de soutenir et veiller \u00e0 la s\u00e9curit\u00e9 sanitaire de l\u2019ensemble des Marrakchis.<\/p>\n<\/div>\n<div class=\"entry-content clearfix single-post-content\" readability=\"72\">\n<p>A travers une campagne de communication mettant en sc\u00e8ne ses H\u00e9ros de premi\u00e8re ligne, la cit\u00e9 ocre transmet ainsi \u00ab\u00a0un message fort et symbolique : +Marrakech remercie ses H\u00e9ros ! C\u2019est donc la main sur le c\u0153ur que la ville leur dit merci !\u00a0\u00bb, lit-on dans un communiqu\u00e9 du Conseil r\u00e9gional du Tourisme (CRT).<\/p>\n<p>\u00ab\u00a0Calme et silencieuse en ces temps de confinement, Marrakech rend ainsi hommage \u00e0 ses hommes et ses femmes qui n\u2019ont qu\u2019un seul nom : celui de H\u00e9ros !\u00a0\u00bb, indique la m\u00eame source.<\/p>\n<p>En premi\u00e8re ligne depuis le d\u00e9but de la pand\u00e9mie du Covid-19 au Maroc, \u00ab\u00a0ces H\u00e9ros du quotidien ont veill\u00e9, jour et nuit, pour assurer la s\u00e9curit\u00e9, la sant\u00e9 et le confort de tous nos concitoyens\u00a0\u00bb, souligne-t-on de m\u00eame source.<\/p>\n<p>Et d\u2019encha\u00eener que \u00ab\u00a0leur bienveillance, leur d\u00e9vouement et leur amour pour la Patrie auront d\u00e9finitivement marqu\u00e9 l\u2019Histoire\u00a0\u00bb.<\/p>\n<p>Dans ce contexte in\u00e9dit, les habitants de Marrakech ont su faire preuve de courage et de civisme, rel\u00e8ve le CRT, affirmant qu\u2019\u00a0\u00bbEnsemble, patients et optimistes, nous nous rel\u00e8verons plus forts que jamais !\u00a0\u00bb.<\/p>\n<p>Soutenue par la Wilaya de Marrakech-Safi, en collaboration avec le CRT de Marrakech-Safi (@visitmarrakechregion) et Delight Event Management, cette initiative n\u2019aurait pas pu voir le jour sans le talent de la photographe Caroline Darcourt et le vid\u00e9aste Anas Ouaadidy qui ont su transmettre de l\u2019\u00e9motion \u00e0 travers de beaux portraits, conclut le communiqu\u00e9.<\/p>\n<\/div>\n<p>Auteur: Meriem IGASS<br \/>\n<a href=\"http:\/\/www.mapmarrakech.ma\/fr\/covid-19-marrakech-remercie-ses-heros\/\">Cliquez ici pour lire l&rsquo;article depuis sa source.<\/a><\/p>\n","protected":false},"excerpt":{"rendered":"<p>Marrakech \u2013 Marrakech a rendu hommage \u00e0 l\u2019ensemble des autorit\u00e9s et corps de s\u00e9curit\u00e9, de sant\u00e9 et de protection civile de la ville, pour leur mobilisation infaillible, leur d\u00e9vouement et leurs efforts inlassables depuis le d\u00e9clenchement de la pand\u00e9mie du Covid-19, afin de soutenir et veiller \u00e0 la s\u00e9curit\u00e9 sanitaire de l\u2019ensemble des Marrakchis. A [&hellip;]<\/p>\n","protected":false},"author":1788,"featured_media":87457,"comment_status":"closed","ping_status":"closed","sticky":false,"template":"","format":"standard","meta":{"fifu_image_url":"","fifu_image_alt":"","footnotes":""},"categories":[54,76],"tags":[],"class_list":["post-87456","post","type-post","status-publish","format-standard","has-post-thumbnail","hentry","category-maroc","category-regions"],"_links":{"self":[{"href":"https:\/\/linitiative.ca\/International\/wp-json\/wp\/v2\/posts\/87456","targetHints":{"allow":["GET"]}}],"collection":[{"href":"https:\/\/linitiative.ca\/International\/wp-json\/wp\/v2\/posts"}],"about":[{"href":"https:\/\/linitiative.ca\/International\/wp-json\/wp\/v2\/types\/post"}],"author":[{"embeddable":true,"href":"https:\/\/linitiative.ca\/International\/wp-json\/wp\/v2\/users\/1788"}],"replies":[{"embeddable":true,"href":"https:\/\/linitiative.ca\/International\/wp-json\/wp\/v2\/comments?post=87456"}],"version-history":[{"count":0,"href":"https:\/\/linitiative.ca\/International\/wp-json\/wp\/v2\/posts\/87456\/revisions"}],"wp:featuredmedia":[{"embeddable":true,"href":"https:\/\/linitiative.ca\/International\/wp-json\/"}],"wp:attachment":[{"href":"https:\/\/linitiative.ca\/International\/wp-json\/wp\/v2\/media?parent=87456"}],"wp:term":[{"taxonomy":"category","embeddable":true,"href":"https:\/\/linitiative.ca\/International\/wp-json\/wp\/v2\/categories?post=87456"},{"taxonomy":"post_tag","embeddable":true,"href":"https:\/\/linitiative.ca\/International\/wp-json\/wp\/v2\/tags?post=87456"}],"curies":[{"name":"wp","href":"https:\/\/api.w.org\/{rel}","templated":true}]}}