{"id":87458,"date":"2020-06-01T12:44:41","date_gmt":"2020-06-01T16:44:41","guid":{"rendered":"https:\/\/linitiative.ca\/International\/trois-nouvelles-remissions-au-chu-mohammed-vi-431-au-total\/"},"modified":"2020-06-01T12:44:41","modified_gmt":"2020-06-01T16:44:41","slug":"trois-nouvelles-remissions-au-chu-mohammed-vi-431-au-total","status":"publish","type":"post","link":"https:\/\/linitiative.ca\/International\/trois-nouvelles-remissions-au-chu-mohammed-vi-431-au-total\/","title":{"rendered":"Trois nouvelles r\u00e9missions au CHU Mohammed VI, 431 au total"},"content":{"rendered":"<div class=\"single-featured\"><img alt=\"\" data-src=\"http:\/\/www.mapmarrakech.ma\/map\/uploads\/2020\/06\/gu&#xE9;risons-Marrakech-copier.jpg\"\/><\/div>\n<div class=\"single-post-excerpt post-excerpt-bc\" readability=\"34\">\n<p>Marrakech \u2013 Trois patients compl\u00e8tement gu\u00e9ris du nouveau coronavirus (Covid-19) ont quitt\u00e9 lundi, le Centre Hospitalier Universitaire (CHU) Mohammed VI de Marrakech.<\/p>\n<\/div>\n<div class=\"entry-content clearfix single-post-content\" readability=\"64\">\n<p>Il s\u2019agit de deux femmes et d\u2019un homme, \u00e2g\u00e9s entre 16 et 29 ans, d\u00e9finitivement gu\u00e9ris apr\u00e8s que les tests m\u00e9dicaux et cliniques effectu\u00e9s se sont r\u00e9v\u00e9l\u00e9s n\u00e9gatifs.<\/p>\n<p>Ainsi, ces nouvelles r\u00e9missions portent \u00e0 431 le nombre total des patients ayant quitt\u00e9 cet \u00e9tablissement hospitalier apr\u00e8s la confirmation de leur gu\u00e9rison totale.<\/p>\n<p>Dans une d\u00e9claration \u00e0 la MAP, le coordinateur g\u00e9n\u00e9ral du Covid-19 au CHU Mohammed VI, Dr. Takoui Abdelmajid, a indiqu\u00e9 que la dur\u00e9e d\u2019hospitalisation de ces patients gu\u00e9ris se situait entre 09 et 14 jours, notant que la majorit\u00e9 des cas gu\u00e9ris sont asymptomatiques et ne souffraient d\u2019aucune complication ou de maladie chronique.<\/p>\n<p>Concernant le nombre des cas confirm\u00e9s d\u2019infection au Covid-19, toujours sous traitement et pris en charge par le CHU Mohammed VI, il s\u2019\u00e9l\u00e8ve \u00e0 03, dont deux sont plac\u00e9s \u00e0 l\u2019h\u00f4pital M\u00e8re et Enfant et un seul cas est admis au service de r\u00e9animation, a-t-il fait savoir.<\/p>\n<p>A cette occasion, M. Takoui a expliqu\u00e9 l\u2019augmentation du taux des gu\u00e9risons par la disponibilit\u00e9 des tests n\u00e9cessaires au laboratoire de microbiologie relevant du CHU Mohammed VI de Marrakech, la rapidit\u00e9 et l\u2019efficacit\u00e9 de la prise en charge m\u00e9dicale, le d\u00e9pistage pr\u00e9coce des personnes contacts et la prise de conscience des citoyens quant aux dangers de cette pand\u00e9mie.<\/p>\n<\/div>\n<p>Auteur: Meriem IGASS<br \/>\n<a href=\"http:\/\/www.mapmarrakech.ma\/fr\/trois-nouvelles-remissions-au-chu-mohammed-vi-431-au-total\/\">Cliquez ici pour lire l&rsquo;article depuis sa source.<\/a><\/p>\n","protected":false},"excerpt":{"rendered":"<p>Marrakech \u2013 Trois patients compl\u00e8tement gu\u00e9ris du nouveau coronavirus (Covid-19) ont quitt\u00e9 lundi, le Centre Hospitalier Universitaire (CHU) Mohammed VI de Marrakech. Il s\u2019agit de deux femmes et d\u2019un homme, \u00e2g\u00e9s entre 16 et 29 ans, d\u00e9finitivement gu\u00e9ris apr\u00e8s que les tests m\u00e9dicaux et cliniques effectu\u00e9s se sont r\u00e9v\u00e9l\u00e9s n\u00e9gatifs. Ainsi, ces nouvelles r\u00e9missions portent [&hellip;]<\/p>\n","protected":false},"author":1788,"featured_media":87459,"comment_status":"closed","ping_status":"closed","sticky":false,"template":"","format":"standard","meta":{"fifu_image_url":"","fifu_image_alt":"","footnotes":""},"categories":[54,76],"tags":[],"class_list":["post-87458","post","type-post","status-publish","format-standard","has-post-thumbnail","hentry","category-maroc","category-regions"],"_links":{"self":[{"href":"https:\/\/linitiative.ca\/International\/wp-json\/wp\/v2\/posts\/87458","targetHints":{"allow":["GET"]}}],"collection":[{"href":"https:\/\/linitiative.ca\/International\/wp-json\/wp\/v2\/posts"}],"about":[{"href":"https:\/\/linitiative.ca\/International\/wp-json\/wp\/v2\/types\/post"}],"author":[{"embeddable":true,"href":"https:\/\/linitiative.ca\/International\/wp-json\/wp\/v2\/users\/1788"}],"replies":[{"embeddable":true,"href":"https:\/\/linitiative.ca\/International\/wp-json\/wp\/v2\/comments?post=87458"}],"version-history":[{"count":0,"href":"https:\/\/linitiative.ca\/International\/wp-json\/wp\/v2\/posts\/87458\/revisions"}],"wp:featuredmedia":[{"embeddable":true,"href":"https:\/\/linitiative.ca\/International\/wp-json\/"}],"wp:attachment":[{"href":"https:\/\/linitiative.ca\/International\/wp-json\/wp\/v2\/media?parent=87458"}],"wp:term":[{"taxonomy":"category","embeddable":true,"href":"https:\/\/linitiative.ca\/International\/wp-json\/wp\/v2\/categories?post=87458"},{"taxonomy":"post_tag","embeddable":true,"href":"https:\/\/linitiative.ca\/International\/wp-json\/wp\/v2\/tags?post=87458"}],"curies":[{"name":"wp","href":"https:\/\/api.w.org\/{rel}","templated":true}]}}