{"id":87464,"date":"2020-06-01T14:04:28","date_gmt":"2020-06-01T18:04:28","guid":{"rendered":"https:\/\/linitiative.ca\/International\/activation-du-plan-de-lutte-contre-les-feux-de-forets-a-alger-a-partir-du-debut-juin\/"},"modified":"2020-06-01T14:04:28","modified_gmt":"2020-06-01T18:04:28","slug":"activation-du-plan-de-lutte-contre-les-feux-de-forets-a-alger-a-partir-du-debut-juin","status":"publish","type":"post","link":"https:\/\/linitiative.ca\/International\/activation-du-plan-de-lutte-contre-les-feux-de-forets-a-alger-a-partir-du-debut-juin\/","title":{"rendered":"Activation du plan de lutte contre les feux de for\u00eats \u00e0 Alger \u00e0 partir du d\u00e9but juin"},"content":{"rendered":"<div readability=\"38\">\n<p><strong>ALGER- La wilaya d\u2019Alger a activ\u00e9 le plan de lutte contre les incendies des for\u00eats pour la saison 2020, \u00e0 partir de lundi 1 juin pour prot\u00e9ger les espaces forestiers des incendies, en mobilisant tous les moyens mat\u00e9riels et humains, a indiqu\u00e9 lundi la chef du service de pr\u00e9vention contre les incendies et les maladies \u00e0 la Direction des for\u00eats et de la ceinture verte de la wilaya d\u2019Alger.<\/strong><\/p>\n<\/div>\n<div readability=\"119.5\">\n<p>Dans une d\u00e9claration \u00e0 l\u2019APS, Imane Sa\u00efdi a affirm\u00e9 que le plan et le dispositif de lutte contre les feux de for\u00eats \u00e0 Alger a \u00e9t\u00e9 activ\u00e9 aujourd\u2019hui le premier juin, \u00e0 l\u2019instar des autres wilayas du pays.<\/p>\n<p>Pour cette campagne qui s\u2019\u00e9talera jusqu\u2019au 3 octobre prochain, 3 \u00e9quipes d\u2019intervention ont \u00e9t\u00e9 mobilis\u00e9es au niveau des for\u00eats de \u00ab Bouchaoui \u00bb, \u00ab Ba\u00efnem\u00bb et \u00ab Ben Aknoun \u00bb et dot\u00e9es de moyens et d\u2019\u00e9quipements n\u00e9cessaires pour des interventions pr\u00e9liminaires et rapides avant l\u2019arriv\u00e9e des secours de la Protection Civile en cas de propagation de l\u2019incendie, a-t-elle pr\u00e9cis\u00e9.<\/p>\n<p>La commission op\u00e9rationnelle de lutte contre les incendies compte plusieurs secteurs, dont, la Protection civile, la sant\u00e9, les travaux publics, la S\u00fbret\u00e9 nationale, la Gendarmerie nationale, l\u2019entreprise SEAAL et autres.<\/p>\n<blockquote readability=\"12\">\n<p><em><strong>Trois (03) camions citernes d&rsquo;une capacit\u00e9 oscillant entre 6000 et 11.000 litres ont \u00e9t\u00e9 mobilis\u00e9s \u00e0 travers les si\u00e8ges de ces \u00e9quipes, outre l\u2019installation de 24 points d\u2019approvisionnement en eau au niveau de tous les grands espaces forestiers de la wilaya, \u00e0 l\u2019instar de Magtaa Kheira, Bouchaoui et Ben Aknoun, a soulign\u00e9 la m\u00eame responsable.<\/strong><\/em><\/p>\n<\/blockquote>\n<p>Les commissions relevant des 14 circonscriptions administratives de la protection des for\u00eats, seront mises en place graduellement, ainsi la commission relevant de la circonscription administrative de Rou\u00efba a \u00e9t\u00e9 install\u00e9e en attendant l\u2019activation des autres commissions, concentr\u00e9es actuellement sur les campagnes quotidiennes de nettoiement, de d\u00e9sinfection et de solidarit\u00e9 pour lutter contre la propagation du nouveau coronavirus \u00e0 Alger, a-t-elle ajout\u00e9.<\/p>\n<p>Grace au plan actuel, il est pr\u00e9vu la mobilisation de 54 agents d\u2019intervention rapide et pr\u00e9liminaire et des \u00e9quipes de la Protection civile, outre l\u2019installation de 5 tours de contr\u00f4le repartis \u00e0 travers les for\u00eats du \u00ab19 juin \u00bb, \u00abBa\u00efnem\u00bb, \u00ab Ben Aknoun \u00bb, \u00ab La femme sauvage \u00bb et \u00ab Magtaa Kheira \u00bb, a pr\u00e9cis\u00e9 la m\u00eame responsable, ajoutant que pour cette ann\u00e9e les services de la protection des forets n\u2019ont pas recrut\u00e9, comme d\u2019habitude, des agents saisonniers suite \u00e0 la r\u00e9duction du budget onsacr\u00e9e \u00e0 cette op\u00e9ration.<\/p>\n<blockquote readability=\"15\">\n<p><em><strong>Pour sa part, le chef de service de la protection de la faune et de la flore \u00e0 ladite Direction, Kamel Laaras, a d\u00e9clar\u00e9 \u00e0 l&rsquo;APS que le Plan compte \u00e9galement les travaux sylvicoles, l&rsquo;am\u00e9nagement des espaces pour plus de 130 hectares de for\u00eats, le ramassage des d\u00e9chets, l&rsquo;am\u00e9nagement des pistes foresti\u00e8res pour faciliter les op\u00e9rations d&rsquo;intervention en cas de foyers d&rsquo;incendie \u00e0 travers les trois circonscriptions foresti\u00e8res d&rsquo;Alger (Bouchaoui, Birkhadem et Ba\u00efnem).<\/strong><\/em><\/p>\n<\/blockquote>\n<p>Il a \u00e9t\u00e9 proc\u00e9d\u00e9, dans ce cadre, \u00e0 la g\u00e9n\u00e9ralisation des appareils radios pour faciliter la communication et la coordination sur le terrain au niveau des trois circonscriptions foresti\u00e8res d&rsquo;Alger pour une intervention efficace \u00e0 temps et contre l&rsquo;extension des foyers d&rsquo;incendies.<\/p>\n<p>Dans le cadre des efforts de wilaya visant la lutte contre le COVID-19, pr\u00e8s de 200 op\u00e9rations de d\u00e9sinfection et d&rsquo;hygi\u00e8ne ont \u00e9t\u00e9 recens\u00e9es par la Direction des for\u00eats \u00e0 travers les espaces, les \u00e9tablissements publiques, les mosqu\u00e9es et les quartiers d&rsquo;Alger, outre des caravanes de solidarit\u00e9 en faveur des familles d\u00e9favoris\u00e9es dans les zones d&rsquo;ombre en coordination avec la Direction g\u00e9n\u00e9rale des for\u00eats et d&rsquo;autres secteurs.<\/p>\n<p>En 2019, la wilaya d&rsquo;Alger a recens\u00e9 pr\u00e8s de 80 foyers d&rsquo;incendie qui ont ravag\u00e9 quelque 31 hectares de for\u00eats, la plupart \u00e0 Ba\u00efnem.<\/p>\n<p>Le patrimoine forestier de la wilaya d`Alger s`\u00e9tend sur 5000 hectares repartis sur 113 sites forestiers dont un nombre important en milieu urbain, oscillant entre 1 \u00e0 8 hectares. La superficie des grandes for\u00eats de la wilaya d`Alger est estim\u00e9e entre 300 \u00e0 600 hectares dont les for\u00eats de Magtaa Kheira, Bouchaoui , Bouzareah, Ben Aknoun, et Ba\u00efnem.<\/p>\n<\/div>\n<p>Auteur:<br \/>\n<a href=\"http:\/\/www.aps.dz\/regions\/105663-activation-du-plan-de-lutte-contre-les-feux-de-forets-a-alger-a-partir-du-debut-juin\">Cliquez ici pour lire l&rsquo;article depuis sa source.<\/a><\/p>\n","protected":false},"excerpt":{"rendered":"<p>ALGER- La wilaya d\u2019Alger a activ\u00e9 le plan de lutte contre les incendies des for\u00eats pour la saison 2020, \u00e0 partir de lundi 1 juin pour prot\u00e9ger les espaces forestiers des incendies, en mobilisant tous les moyens mat\u00e9riels et humains, a indiqu\u00e9 lundi la chef du service de pr\u00e9vention contre les incendies et les maladies [&hellip;]<\/p>\n","protected":false},"author":1790,"featured_media":0,"comment_status":"closed","ping_status":"closed","sticky":false,"template":"","format":"standard","meta":{"fifu_image_url":"","fifu_image_alt":"","footnotes":""},"categories":[53,76],"tags":[],"class_list":["post-87464","post","type-post","status-publish","format-standard","hentry","category-algerie","category-regions"],"_links":{"self":[{"href":"https:\/\/linitiative.ca\/International\/wp-json\/wp\/v2\/posts\/87464","targetHints":{"allow":["GET"]}}],"collection":[{"href":"https:\/\/linitiative.ca\/International\/wp-json\/wp\/v2\/posts"}],"about":[{"href":"https:\/\/linitiative.ca\/International\/wp-json\/wp\/v2\/types\/post"}],"author":[{"embeddable":true,"href":"https:\/\/linitiative.ca\/International\/wp-json\/wp\/v2\/users\/1790"}],"replies":[{"embeddable":true,"href":"https:\/\/linitiative.ca\/International\/wp-json\/wp\/v2\/comments?post=87464"}],"version-history":[{"count":0,"href":"https:\/\/linitiative.ca\/International\/wp-json\/wp\/v2\/posts\/87464\/revisions"}],"wp:attachment":[{"href":"https:\/\/linitiative.ca\/International\/wp-json\/wp\/v2\/media?parent=87464"}],"wp:term":[{"taxonomy":"category","embeddable":true,"href":"https:\/\/linitiative.ca\/International\/wp-json\/wp\/v2\/categories?post=87464"},{"taxonomy":"post_tag","embeddable":true,"href":"https:\/\/linitiative.ca\/International\/wp-json\/wp\/v2\/tags?post=87464"}],"curies":[{"name":"wp","href":"https:\/\/api.w.org\/{rel}","templated":true}]}}