{"id":87466,"date":"2020-06-01T13:31:50","date_gmt":"2020-06-01T17:31:50","guid":{"rendered":"https:\/\/linitiative.ca\/International\/douane-le-statut-doea-pour-menara-prefa\/"},"modified":"2020-06-01T13:31:50","modified_gmt":"2020-06-01T17:31:50","slug":"douane-le-statut-doea-pour-menara-prefa","status":"publish","type":"post","link":"https:\/\/linitiative.ca\/International\/douane-le-statut-doea-pour-menara-prefa\/","title":{"rendered":"Douane: Le statut d\u2019OEA pour Menara Prefa"},"content":{"rendered":"<div class=\"body\">\n<div class=\"field field-name-body field-type-text-with-summary field-label-hidden\">\n<div class=\"field-items\" readability=\"8.5\">\n<div class=\"field-item even\" property=\"content:encoded\" readability=\"12\">\n<p class=\"rtejustify\">Cons\u00e9cration pour Menara Prefa. Le sp\u00e9cialiste des BTP de Marrakech vient d\u2019obtenir le statut d\u2019Op\u00e9rateur \u00e9conomique agr\u00e9\u00e9 (OEA) de \u00abclasse A\u00bb octroy\u00e9 par l\u2019Administration des Douanes et des Imp\u00f4ts Indirects. Ce label est un gage de confiance de la part de l\u2019administration douani\u00e8re et un levier de performance pour la filiale de Menara Holding. Gr\u00e2ce \u00e0 cette certification l\u2019entreprise pourra b\u00e9n\u00e9ficier de simplifications douani\u00e8res en plus d\u2019un package d\u2019avantages comme l\u2019all\u00e9gement des contr\u00f4les, le traitement personnalis\u00e9 bas\u00e9 sur la confiance, le passage de douane plus rapide.<br \/><em>M.A.B.<\/em><\/p>\n<\/div>\n<\/div>\n<\/div>\n<\/div>\n<div class=\"eco-conseil\">\n<div class=\"view view-eco-conseil-16 view-id-eco_conseil_16 view-display-id-cookies view-dom-id-b201756edb4fbc77f7766eb321f15e8f\">\n<div class=\"view-content\">\n<div id=\"views-bootstrap-grid-1\" class=\"views-bootstrap-grid-plugin-style\">\n<div class=\"row\">\n<div class=\" col-xs-12 col-lg-4\">\n<div class=\"row\">\n<div class=\"col col-xs-12 col-lg-12\">\n<div class=\"field-content\"><a href=\"\/article\/1062726-videosurveillance-mobotix-introduit-au-maroc\"><img loading=\"lazy\" decoding=\"async\" class=\"img-responsive\" typeof=\"foaf:Image\" src=\"https:\/\/www.leconomiste.com\/sites\/default\/files\/eco7\/public\/styles\/800x400\/public\/default_images\/default_une.jpg?itok=4jZlgnIZ\" width=\"660\" height=\"330\" alt=\"\"\/><\/a><\/div>\n<\/div>\n<div class=\" title_suite_2 col col-xs-12 col-lg-12\"> <a href=\"\/article\/1062726-videosurveillance-mobotix-introduit-au-maroc\"\/><span class=\"field-content\">Article 1062726<\/span><\/div>\n<\/div>\n<\/div>\n<div class=\" col-xs-12 col-lg-4\">\n<div class=\"row\">\n<div class=\"col col-xs-12 col-lg-12\">\n<div class=\"field-content\"><a href=\"\/article\/1062725-berd-un-programme-de-conseil-en-gestion-pour-les-tpme\"><img loading=\"lazy\" decoding=\"async\" class=\"img-responsive\" typeof=\"foaf:Image\" src=\"https:\/\/www.leconomiste.com\/sites\/default\/files\/eco7\/public\/styles\/800x400\/public\/default_images\/default_une.jpg?itok=4jZlgnIZ\" width=\"660\" height=\"330\" alt=\"\"\/><\/a><\/div>\n<\/div>\n<div class=\" title_suite_2 col col-xs-12 col-lg-12\"> <a href=\"\/article\/1062725-berd-un-programme-de-conseil-en-gestion-pour-les-tpme\"\/><span class=\"field-content\">Berd: Un programme de conseil en gestion pour les TPME<\/span><\/div>\n<\/div>\n<\/div>\n<div class=\" col-xs-12 col-lg-4\">\n<div class=\"row\">\n<div class=\"col col-xs-12 col-lg-12\">\n<div class=\"field-content\"><a href=\"\/article\/1062724-un-service-de-tele-accueil-distance-pour-cmr\"><img loading=\"lazy\" decoding=\"async\" class=\"img-responsive\" typeof=\"foaf:Image\" src=\"https:\/\/www.leconomiste.com\/sites\/default\/files\/eco7\/public\/styles\/800x400\/public\/default_images\/default_une.jpg?itok=4jZlgnIZ\" width=\"660\" height=\"330\" alt=\"\"\/><\/a><\/div>\n<\/div>\n<div class=\" title_suite_2 col col-xs-12 col-lg-12\"> <a href=\"\/article\/1062724-un-service-de-tele-accueil-distance-pour-cmr\"\/><span class=\"field-content\">Un service de t\u00e9l\u00e9-accueil \u00e0 distance pour CMR <\/span><\/div>\n<\/div>\n<\/div>\n<\/div>\n<\/div>\n<\/div>\n<\/div>\n<\/div>\n<p>Auteur: hlafriqi<br \/>\n<a href=\"https:\/\/www.leconomiste.com\/article\/1062723-douane-le-statut-d-oea-pour-menara-prefa\">Cliquez ici pour lire l&rsquo;article depuis sa source.<\/a><\/p>\n","protected":false},"excerpt":{"rendered":"<p>Cons\u00e9cration pour Menara Prefa. Le sp\u00e9cialiste des BTP de Marrakech vient d\u2019obtenir le statut d\u2019Op\u00e9rateur \u00e9conomique agr\u00e9\u00e9 (OEA) de \u00abclasse A\u00bb octroy\u00e9 par l\u2019Administration des Douanes et des Imp\u00f4ts Indirects. Ce label est un gage de confiance de la part de l\u2019administration douani\u00e8re et un levier de performance pour la filiale de Menara Holding. Gr\u00e2ce [&hellip;]<\/p>\n","protected":false},"author":1763,"featured_media":0,"comment_status":"closed","ping_status":"closed","sticky":false,"template":"","format":"standard","meta":{"fifu_image_url":"","fifu_image_alt":"","footnotes":""},"categories":[78,54],"tags":[],"class_list":["post-87466","post","type-post","status-publish","format-standard","hentry","category-economie","category-maroc"],"_links":{"self":[{"href":"https:\/\/linitiative.ca\/International\/wp-json\/wp\/v2\/posts\/87466","targetHints":{"allow":["GET"]}}],"collection":[{"href":"https:\/\/linitiative.ca\/International\/wp-json\/wp\/v2\/posts"}],"about":[{"href":"https:\/\/linitiative.ca\/International\/wp-json\/wp\/v2\/types\/post"}],"author":[{"embeddable":true,"href":"https:\/\/linitiative.ca\/International\/wp-json\/wp\/v2\/users\/1763"}],"replies":[{"embeddable":true,"href":"https:\/\/linitiative.ca\/International\/wp-json\/wp\/v2\/comments?post=87466"}],"version-history":[{"count":0,"href":"https:\/\/linitiative.ca\/International\/wp-json\/wp\/v2\/posts\/87466\/revisions"}],"wp:attachment":[{"href":"https:\/\/linitiative.ca\/International\/wp-json\/wp\/v2\/media?parent=87466"}],"wp:term":[{"taxonomy":"category","embeddable":true,"href":"https:\/\/linitiative.ca\/International\/wp-json\/wp\/v2\/categories?post=87466"},{"taxonomy":"post_tag","embeddable":true,"href":"https:\/\/linitiative.ca\/International\/wp-json\/wp\/v2\/tags?post=87466"}],"curies":[{"name":"wp","href":"https:\/\/api.w.org\/{rel}","templated":true}]}}