{"id":87467,"date":"2020-06-01T13:32:39","date_gmt":"2020-06-01T17:32:39","guid":{"rendered":"https:\/\/linitiative.ca\/International\/un-service-de-tele-accueil-a-distance-pour-cmr\/"},"modified":"2020-06-01T13:32:39","modified_gmt":"2020-06-01T17:32:39","slug":"un-service-de-tele-accueil-a-distance-pour-cmr","status":"publish","type":"post","link":"https:\/\/linitiative.ca\/International\/un-service-de-tele-accueil-a-distance-pour-cmr\/","title":{"rendered":"Un service de t\u00e9l\u00e9-accueil \u00e0 distance pour CMR"},"content":{"rendered":"<div class=\"body\">\n<div class=\"field field-name-body field-type-text-with-summary field-label-hidden\">\n<div class=\"field-items\" readability=\"10.5\">\n<div class=\"field-item even\" property=\"content:encoded\" readability=\"16\">\n<p class=\"rtejustify\">La Caisse marocaine des retraites (CMR) lance un service d\u2019accueil \u00e0 distance, \u00abT\u00e9l\u00e9 accueil\u00bb, au profit de ses affili\u00e9s. Pour ce lancement, elle s\u2019est alli\u00e9e \u00e0 l\u2019Agence de d\u00e9veloppement digital (ADD). Ce service permet \u00e0 l\u2019usager de prendre un rendez-vous pour un accueil par visioconf\u00e9rence avec un charg\u00e9 d\u2019information et de conseil de la CMR qui pourra r\u00e9pondre aux questions des nouveaux retrait\u00e9s (v\u00e9rification de carri\u00e8re, simulation des pensions et information sur les droits et obligations). Il pourra \u00e9galement informer les veuves et ayants cause de leurs droits et obligations, des d\u00e9marches \u00e0 accomplir et v\u00e9rifier la conformit\u00e9 et l\u2019exhaustivit\u00e9 des pi\u00e8ces fournies avant d\u00e9p\u00f4t des dossiers. Il a \u00e9galement l\u2019habilitation de satisfaire aux demandes de remise en paiement des pensions suspendues suite aux op\u00e9rations de contr\u00f4le (contr\u00f4le de vie, de non remariage\u00a0 de scolarit\u00e9\u2026).<br \/><em>M.A.B.<\/em><\/p>\n<\/div>\n<\/div>\n<\/div>\n<\/div>\n<div class=\"eco-conseil\">\n<div class=\"view view-eco-conseil-16 view-id-eco_conseil_16 view-display-id-cookies view-dom-id-a48051ce198031fdcd7b41e0af7546f2\">\n<div class=\"view-content\">\n<div id=\"views-bootstrap-grid-1\" class=\"views-bootstrap-grid-plugin-style\">\n<div class=\"row\">\n<div class=\" col-xs-12 col-lg-4\">\n<div class=\"row\">\n<div class=\"col col-xs-12 col-lg-12\">\n<div class=\"field-content\"><a href=\"\/article\/1062726-videosurveillance-mobotix-introduit-au-maroc\"><img loading=\"lazy\" decoding=\"async\" class=\"img-responsive\" typeof=\"foaf:Image\" src=\"https:\/\/www.leconomiste.com\/sites\/default\/files\/eco7\/public\/styles\/800x400\/public\/default_images\/default_une.jpg?itok=4jZlgnIZ\" width=\"660\" height=\"330\" alt=\"\"\/><\/a><\/div>\n<\/div>\n<div class=\" title_suite_2 col col-xs-12 col-lg-12\"> <a href=\"\/article\/1062726-videosurveillance-mobotix-introduit-au-maroc\"\/><span class=\"field-content\">Article 1062726<\/span><\/div>\n<\/div>\n<\/div>\n<div class=\" col-xs-12 col-lg-4\">\n<div class=\"row\">\n<div class=\"col col-xs-12 col-lg-12\">\n<div class=\"field-content\"><a href=\"\/article\/1062725-berd-un-programme-de-conseil-en-gestion-pour-les-tpme\"><img loading=\"lazy\" decoding=\"async\" class=\"img-responsive\" typeof=\"foaf:Image\" src=\"https:\/\/www.leconomiste.com\/sites\/default\/files\/eco7\/public\/styles\/800x400\/public\/default_images\/default_une.jpg?itok=4jZlgnIZ\" width=\"660\" height=\"330\" alt=\"\"\/><\/a><\/div>\n<\/div>\n<div class=\" title_suite_2 col col-xs-12 col-lg-12\"> <a href=\"\/article\/1062725-berd-un-programme-de-conseil-en-gestion-pour-les-tpme\"\/><span class=\"field-content\">Berd: Un programme de conseil en gestion pour les TPME<\/span><\/div>\n<\/div>\n<\/div>\n<div class=\" col-xs-12 col-lg-4\">\n<div class=\"row\">\n<div class=\"col col-xs-12 col-lg-12\">\n<div class=\"field-content\"><a href=\"\/article\/1062723-douane-le-statut-d-oea-pour-menara-prefa\"><img loading=\"lazy\" decoding=\"async\" class=\"img-responsive\" typeof=\"foaf:Image\" src=\"https:\/\/www.leconomiste.com\/sites\/default\/files\/eco7\/public\/styles\/800x400\/public\/default_images\/default_une.jpg?itok=4jZlgnIZ\" width=\"660\" height=\"330\" alt=\"\"\/><\/a><\/div>\n<\/div>\n<div class=\" title_suite_2 col col-xs-12 col-lg-12\"> <a href=\"\/article\/1062723-douane-le-statut-d-oea-pour-menara-prefa\"\/><span class=\"field-content\">Douane: Le statut d\u2019OEA pour Menara Prefa<\/span><\/div>\n<\/div>\n<\/div>\n<\/div>\n<\/div>\n<\/div>\n<\/div>\n<\/div>\n<p>Auteur: hlafriqi<br \/>\n<a href=\"https:\/\/www.leconomiste.com\/article\/1062724-un-service-de-tele-accueil-distance-pour-cmr\">Cliquez ici pour lire l&rsquo;article depuis sa source.<\/a><\/p>\n","protected":false},"excerpt":{"rendered":"<p>La Caisse marocaine des retraites (CMR) lance un service d\u2019accueil \u00e0 distance, \u00abT\u00e9l\u00e9 accueil\u00bb, au profit de ses affili\u00e9s. Pour ce lancement, elle s\u2019est alli\u00e9e \u00e0 l\u2019Agence de d\u00e9veloppement digital (ADD). Ce service permet \u00e0 l\u2019usager de prendre un rendez-vous pour un accueil par visioconf\u00e9rence avec un charg\u00e9 d\u2019information et de conseil de la CMR [&hellip;]<\/p>\n","protected":false},"author":1763,"featured_media":0,"comment_status":"closed","ping_status":"closed","sticky":false,"template":"","format":"standard","meta":{"fifu_image_url":"","fifu_image_alt":"","footnotes":""},"categories":[78,54],"tags":[],"class_list":["post-87467","post","type-post","status-publish","format-standard","hentry","category-economie","category-maroc"],"_links":{"self":[{"href":"https:\/\/linitiative.ca\/International\/wp-json\/wp\/v2\/posts\/87467","targetHints":{"allow":["GET"]}}],"collection":[{"href":"https:\/\/linitiative.ca\/International\/wp-json\/wp\/v2\/posts"}],"about":[{"href":"https:\/\/linitiative.ca\/International\/wp-json\/wp\/v2\/types\/post"}],"author":[{"embeddable":true,"href":"https:\/\/linitiative.ca\/International\/wp-json\/wp\/v2\/users\/1763"}],"replies":[{"embeddable":true,"href":"https:\/\/linitiative.ca\/International\/wp-json\/wp\/v2\/comments?post=87467"}],"version-history":[{"count":0,"href":"https:\/\/linitiative.ca\/International\/wp-json\/wp\/v2\/posts\/87467\/revisions"}],"wp:attachment":[{"href":"https:\/\/linitiative.ca\/International\/wp-json\/wp\/v2\/media?parent=87467"}],"wp:term":[{"taxonomy":"category","embeddable":true,"href":"https:\/\/linitiative.ca\/International\/wp-json\/wp\/v2\/categories?post=87467"},{"taxonomy":"post_tag","embeddable":true,"href":"https:\/\/linitiative.ca\/International\/wp-json\/wp\/v2\/tags?post=87467"}],"curies":[{"name":"wp","href":"https:\/\/api.w.org\/{rel}","templated":true}]}}