{"id":87468,"date":"2020-06-01T13:33:29","date_gmt":"2020-06-01T17:33:29","guid":{"rendered":"https:\/\/linitiative.ca\/International\/berd-un-programme-de-conseil-en-gestion-pour-les-tpme\/"},"modified":"2020-06-01T13:33:29","modified_gmt":"2020-06-01T17:33:29","slug":"berd-un-programme-de-conseil-en-gestion-pour-les-tpme","status":"publish","type":"post","link":"https:\/\/linitiative.ca\/International\/berd-un-programme-de-conseil-en-gestion-pour-les-tpme\/","title":{"rendered":"Berd: Un programme de conseil en gestion pour les TPME"},"content":{"rendered":"<div class=\"body\">\n<div class=\"field field-name-body field-type-text-with-summary field-label-hidden\">\n<div class=\"field-items\" readability=\"8.5\">\n<div class=\"field-item even\" property=\"content:encoded\" readability=\"12\">\n<p class=\"rtejustify\">La Banque europ\u00e9enne pour la reconstruction et le d\u00e9veloppement (Berd) vient de mettre en place un programme d\u2019apprentissage et de conseil en ligne pour aider les micros, petites et moyennes entreprises en cette p\u00e9riode de pand\u00e9mie du coronavirus. Il s\u2019agit d\u2019une plateforme qui propose des conseils de sp\u00e9cialistes pour la gestion de l\u2019activit\u00e9 commerciale comme les flux de tr\u00e9sorerie, de fournisseurs et du personnel en situation de crise. Ce programme est destin\u00e9 \u00e0 aider plus de 10.000 entreprises dans 30 pays dont le Maroc.<br \/><em>M.A.B.\u00a0 <\/em><\/p>\n<\/div>\n<\/div>\n<\/div>\n<\/div>\n<div class=\"eco-conseil\">\n<div class=\"view view-eco-conseil-16 view-id-eco_conseil_16 view-display-id-cookies view-dom-id-7254379fff9c971dfedd55a441fba829\">\n<div class=\"view-content\">\n<div id=\"views-bootstrap-grid-1\" class=\"views-bootstrap-grid-plugin-style\">\n<div class=\"row\">\n<div class=\" col-xs-12 col-lg-4\">\n<div class=\"row\">\n<div class=\"col col-xs-12 col-lg-12\">\n<div class=\"field-content\"><a href=\"\/article\/1062726-videosurveillance-mobotix-introduit-au-maroc\"><img loading=\"lazy\" decoding=\"async\" class=\"img-responsive\" typeof=\"foaf:Image\" src=\"https:\/\/www.leconomiste.com\/sites\/default\/files\/eco7\/public\/styles\/800x400\/public\/default_images\/default_une.jpg?itok=4jZlgnIZ\" width=\"660\" height=\"330\" alt=\"\"\/><\/a><\/div>\n<\/div>\n<div class=\" title_suite_2 col col-xs-12 col-lg-12\"> <a href=\"\/article\/1062726-videosurveillance-mobotix-introduit-au-maroc\"\/><span class=\"field-content\">Article 1062726<\/span><\/div>\n<\/div>\n<\/div>\n<div class=\" col-xs-12 col-lg-4\">\n<div class=\"row\">\n<div class=\"col col-xs-12 col-lg-12\">\n<div class=\"field-content\"><a href=\"\/article\/1062724-un-service-de-tele-accueil-distance-pour-cmr\"><img loading=\"lazy\" decoding=\"async\" class=\"img-responsive\" typeof=\"foaf:Image\" src=\"https:\/\/www.leconomiste.com\/sites\/default\/files\/eco7\/public\/styles\/800x400\/public\/default_images\/default_une.jpg?itok=4jZlgnIZ\" width=\"660\" height=\"330\" alt=\"\"\/><\/a><\/div>\n<\/div>\n<div class=\" title_suite_2 col col-xs-12 col-lg-12\"> <a href=\"\/article\/1062724-un-service-de-tele-accueil-distance-pour-cmr\"\/><span class=\"field-content\">Un service de t\u00e9l\u00e9-accueil \u00e0 distance pour CMR <\/span><\/div>\n<\/div>\n<\/div>\n<div class=\" col-xs-12 col-lg-4\">\n<div class=\"row\">\n<div class=\"col col-xs-12 col-lg-12\">\n<div class=\"field-content\"><a href=\"\/article\/1062723-douane-le-statut-d-oea-pour-menara-prefa\"><img loading=\"lazy\" decoding=\"async\" class=\"img-responsive\" typeof=\"foaf:Image\" src=\"https:\/\/www.leconomiste.com\/sites\/default\/files\/eco7\/public\/styles\/800x400\/public\/default_images\/default_une.jpg?itok=4jZlgnIZ\" width=\"660\" height=\"330\" alt=\"\"\/><\/a><\/div>\n<\/div>\n<div class=\" title_suite_2 col col-xs-12 col-lg-12\"> <a href=\"\/article\/1062723-douane-le-statut-d-oea-pour-menara-prefa\"\/><span class=\"field-content\">Douane: Le statut d\u2019OEA pour Menara Prefa<\/span><\/div>\n<\/div>\n<\/div>\n<\/div>\n<\/div>\n<\/div>\n<\/div>\n<\/div>\n<p>Auteur: hlafriqi<br \/>\n<a href=\"https:\/\/www.leconomiste.com\/article\/1062725-berd-un-programme-de-conseil-en-gestion-pour-les-tpme\">Cliquez ici pour lire l&rsquo;article depuis sa source.<\/a><\/p>\n","protected":false},"excerpt":{"rendered":"<p>La Banque europ\u00e9enne pour la reconstruction et le d\u00e9veloppement (Berd) vient de mettre en place un programme d\u2019apprentissage et de conseil en ligne pour aider les micros, petites et moyennes entreprises en cette p\u00e9riode de pand\u00e9mie du coronavirus. Il s\u2019agit d\u2019une plateforme qui propose des conseils de sp\u00e9cialistes pour la gestion de l\u2019activit\u00e9 commerciale comme [&hellip;]<\/p>\n","protected":false},"author":1763,"featured_media":0,"comment_status":"closed","ping_status":"closed","sticky":false,"template":"","format":"standard","meta":{"fifu_image_url":"","fifu_image_alt":"","footnotes":""},"categories":[78,54],"tags":[],"class_list":["post-87468","post","type-post","status-publish","format-standard","hentry","category-economie","category-maroc"],"_links":{"self":[{"href":"https:\/\/linitiative.ca\/International\/wp-json\/wp\/v2\/posts\/87468","targetHints":{"allow":["GET"]}}],"collection":[{"href":"https:\/\/linitiative.ca\/International\/wp-json\/wp\/v2\/posts"}],"about":[{"href":"https:\/\/linitiative.ca\/International\/wp-json\/wp\/v2\/types\/post"}],"author":[{"embeddable":true,"href":"https:\/\/linitiative.ca\/International\/wp-json\/wp\/v2\/users\/1763"}],"replies":[{"embeddable":true,"href":"https:\/\/linitiative.ca\/International\/wp-json\/wp\/v2\/comments?post=87468"}],"version-history":[{"count":0,"href":"https:\/\/linitiative.ca\/International\/wp-json\/wp\/v2\/posts\/87468\/revisions"}],"wp:attachment":[{"href":"https:\/\/linitiative.ca\/International\/wp-json\/wp\/v2\/media?parent=87468"}],"wp:term":[{"taxonomy":"category","embeddable":true,"href":"https:\/\/linitiative.ca\/International\/wp-json\/wp\/v2\/categories?post=87468"},{"taxonomy":"post_tag","embeddable":true,"href":"https:\/\/linitiative.ca\/International\/wp-json\/wp\/v2\/tags?post=87468"}],"curies":[{"name":"wp","href":"https:\/\/api.w.org\/{rel}","templated":true}]}}