{"id":87488,"date":"2020-06-01T13:07:00","date_gmt":"2020-06-01T17:07:00","guid":{"rendered":"https:\/\/linitiative.ca\/International\/communication-belhimer-insiste-sur-la-transition-numerique-de-la-presse-ecrite\/"},"modified":"2020-06-01T13:07:00","modified_gmt":"2020-06-01T17:07:00","slug":"communication-belhimer-insiste-sur-la-transition-numerique-de-la-presse-ecrite","status":"publish","type":"post","link":"https:\/\/linitiative.ca\/International\/communication-belhimer-insiste-sur-la-transition-numerique-de-la-presse-ecrite\/","title":{"rendered":"COMMUNICATION  : Belhimer insiste sur la transition  num\u00e9rique de la presse \u00e9crite"},"content":{"rendered":"<p><br id=\"sep_para_1\" class=\"sep_para access\"\/><\/p>\n<div id=\"para_1\" class=\"para_37242645 resize\">\n<div class=\"texte access firstletter\">Le ministre de la Communication, Porte-parole du Gouvernement, Amar Belhimer, a affirm\u00e9, lundi \u00e0 Alger, que la transition num\u00e9rique de la presse \u00e9crite \u00e9tait d\u00e9sormais \u00ab\u00a0une n\u00e9cessit\u00e9 imp\u00e9rieuse\u00a0\u00bb pour \u00eatre au diapason des \u00e9volutions technologiques que conna\u00eet le secteur. \u00ab\u00a0La transition num\u00e9rique de la presse \u00e9crite est d\u00e9sormais une n\u00e9cessit\u00e9 imp\u00e9rieuse, au regard de l&rsquo;\u00e9volution de la sc\u00e8ne m\u00e9diatique, marqu\u00e9e notamment par l&rsquo;abandon par plusieurs journaux de l&rsquo;\u00e9dition papier pour se tourner vers l&rsquo;\u00e9dition \u00e9lectronique\u00a0\u00bb, a d\u00e9clar\u00e9 M.Belhimer,\u00a0 pr\u00e9cisant que les tirages papier de la presse \u00e9crite ont recul\u00e9 de 80% entre 2010 et 2019, le ministre de la Communication a expliqu\u00e9 que ce taux avait encore baiss\u00e9 avec la propagation de la pand\u00e9mie Covid-19 \u00e0 travers le monde, impliquant \u00ab\u00a0une transition imp\u00e9rative vers la presse num\u00e9rique\u00a0\u00bb. M.Belhimer a mis l&rsquo;accent sur la n\u00e9cessit\u00e9 d&rsquo;\u00e9tablir \u00ab\u00a0une liaison \u00e9lectronique\u00a0\u00bb entre les diff\u00e9rents m\u00e9dias dont la presse \u00e9lectronique et les cha\u00eenes de radio et de t\u00e9l\u00e9vision via le web. \u00ab\u00a0Les engagements internationaux de l&rsquo;Alg\u00e9rie lui imposent une transition d\u00e9finitive vers l&rsquo;\u00e8re num\u00e9rique le 17 juin. Voil\u00e0 pourquoi nous avons acc\u00e9l\u00e9r\u00e9 l&rsquo;op\u00e9ration et nous avons atteints l&rsquo;objectif escompt\u00e9\u00a0\u00bb, a-t-il soutenu. Evoquant la situation des m\u00e9dias, M.Belhimer a appel\u00e9 tous les acteurs \u00e0 \u00ab\u00a0adh\u00e9rer \u00e0 la d\u00e9marche participative nationale pour le d\u00e9veloppement du secteur\u00a0\u00bb.\u00a0\u00a0\u00a0<\/div>\n<\/div>\n<p>Auteur: Nadine<br \/>\n<a href=\"https:\/\/www.reflexiondz.net\/COMMUNICATION-Belhimer-insiste-sur-la-transition-numerique-de-la-presse-ecrite_a63077.html\">Cliquez ici pour lire l&rsquo;article depuis sa source.<\/a><\/p>\n","protected":false},"excerpt":{"rendered":"<p>Le ministre de la Communication, Porte-parole du Gouvernement, Amar Belhimer, a affirm\u00e9, lundi \u00e0 Alger, que la transition num\u00e9rique de la presse \u00e9crite \u00e9tait d\u00e9sormais \u00ab\u00a0une n\u00e9cessit\u00e9 imp\u00e9rieuse\u00a0\u00bb pour \u00eatre au diapason des \u00e9volutions technologiques que conna\u00eet le secteur. \u00ab\u00a0La transition num\u00e9rique de la presse \u00e9crite est d\u00e9sormais une n\u00e9cessit\u00e9 imp\u00e9rieuse, au regard de l&rsquo;\u00e9volution [&hellip;]<\/p>\n","protected":false},"author":1740,"featured_media":0,"comment_status":"closed","ping_status":"closed","sticky":false,"template":"","format":"standard","meta":{"fifu_image_url":"","fifu_image_alt":"","footnotes":""},"categories":[53,76],"tags":[],"class_list":["post-87488","post","type-post","status-publish","format-standard","hentry","category-algerie","category-regions"],"_links":{"self":[{"href":"https:\/\/linitiative.ca\/International\/wp-json\/wp\/v2\/posts\/87488","targetHints":{"allow":["GET"]}}],"collection":[{"href":"https:\/\/linitiative.ca\/International\/wp-json\/wp\/v2\/posts"}],"about":[{"href":"https:\/\/linitiative.ca\/International\/wp-json\/wp\/v2\/types\/post"}],"author":[{"embeddable":true,"href":"https:\/\/linitiative.ca\/International\/wp-json\/wp\/v2\/users\/1740"}],"replies":[{"embeddable":true,"href":"https:\/\/linitiative.ca\/International\/wp-json\/wp\/v2\/comments?post=87488"}],"version-history":[{"count":0,"href":"https:\/\/linitiative.ca\/International\/wp-json\/wp\/v2\/posts\/87488\/revisions"}],"wp:attachment":[{"href":"https:\/\/linitiative.ca\/International\/wp-json\/wp\/v2\/media?parent=87488"}],"wp:term":[{"taxonomy":"category","embeddable":true,"href":"https:\/\/linitiative.ca\/International\/wp-json\/wp\/v2\/categories?post=87488"},{"taxonomy":"post_tag","embeddable":true,"href":"https:\/\/linitiative.ca\/International\/wp-json\/wp\/v2\/tags?post=87488"}],"curies":[{"name":"wp","href":"https:\/\/api.w.org\/{rel}","templated":true}]}}