{"id":87489,"date":"2020-06-01T13:07:00","date_gmt":"2020-06-01T17:07:00","guid":{"rendered":"https:\/\/linitiative.ca\/International\/utilisation-de-lhydroxychloroquine-le-ministre-de-la-sante-benbouzid-affirme-son-efficacite\/"},"modified":"2020-06-01T13:07:00","modified_gmt":"2020-06-01T17:07:00","slug":"utilisation-de-lhydroxychloroquine-le-ministre-de-la-sante-benbouzid-affirme-son-efficacite","status":"publish","type":"post","link":"https:\/\/linitiative.ca\/International\/utilisation-de-lhydroxychloroquine-le-ministre-de-la-sante-benbouzid-affirme-son-efficacite\/","title":{"rendered":"UTILISATION DE L\u2019HYDROXYCHLOROQUINE : Le ministre de la sant\u00e9 Benbouzid affirme son  efficacit\u00e9"},"content":{"rendered":"<p><br id=\"sep_para_1\" class=\"sep_para access\"\/><\/p>\n<div id=\"para_1\" class=\"para_37242643 resize\">\n<div class=\"texte access firstletter\">Le professeur Benbouzid a \u00e9galement pr\u00e9cis\u00e9 que \u00ab l\u2019augmentation du nombre de laboratoires de diagnostic virologique, pass\u00e9 de 1 \u00e0 26 laboratoires accr\u00e9dit\u00e9s, la disponibilit\u00e9 des kits de d\u00e9pistage en quantit\u00e9 suffisante ainsi que l\u2019intensification des enqu\u00eates \u00e9pid\u00e9miologiques cibl\u00e9es avaient contribu\u00e9 \u00e0 la d\u00e9tection de davantage de cas d\u2019infections au cours du dernier mois \u00bb, soulignant que \u00ab le stock actuel en moyens de protection, de pr\u00e9vention et de traitement reste suffisant \u00bb. Selon la m\u00eame source, Benbouzid a en outre salu\u00e9 \u00ab la contribution de l\u2019Arm\u00e9e nationale populaire (ANP) \u00e0 la lutte contre la pand\u00e9mie \u00e0 travers la mobilisation de tous ses moyens afin de r\u00e9pondre aux besoins du secteur de la sant\u00e9 \u00bb. Dans son intervention, le pr\u00e9sident de la R\u00e9publique s\u2019est dit \u00ab satisfait quant \u00e0 l\u2019am\u00e9lioration progressive relev\u00e9e en mati\u00e8re de lutte contre la propagation de la pand\u00e9mie de Coronavirus, mettant l\u2019accent sur l\u2019imp\u00e9ratif respect des mesures pr\u00e9ventives, notamment le port des masques de protection et le respect de la distanciation physique. \u00bb Louant les sacrifices des personnels de la sant\u00e9, tous corps confondus, le pr\u00e9sident de la R\u00e9publique a fait part \u00ab de son admiration personnelle pour eux et la reconnaissance de la nation pour leurs sacrifices, soulignant qu\u2019ils repr\u00e9sentent le symbole du sacrifice et que l\u2019Alg\u00e9rie en est fi\u00e8re et ne les oubliera jamais \u00bb.<\/div>\n<\/div>\n<p>Auteur: Ismain<br \/>\n<a href=\"https:\/\/www.reflexiondz.net\/UTILISATION-DE-L-HYDROXYCHLOROQUINE-Le-ministre-de-la-sante-Benbouzid-affirme-son-efficacite_a63076.html\">Cliquez ici pour lire l&rsquo;article depuis sa source.<\/a><\/p>\n","protected":false},"excerpt":{"rendered":"<p>Le professeur Benbouzid a \u00e9galement pr\u00e9cis\u00e9 que \u00ab l\u2019augmentation du nombre de laboratoires de diagnostic virologique, pass\u00e9 de 1 \u00e0 26 laboratoires accr\u00e9dit\u00e9s, la disponibilit\u00e9 des kits de d\u00e9pistage en quantit\u00e9 suffisante ainsi que l\u2019intensification des enqu\u00eates \u00e9pid\u00e9miologiques cibl\u00e9es avaient contribu\u00e9 \u00e0 la d\u00e9tection de davantage de cas d\u2019infections au cours du dernier mois \u00bb, [&hellip;]<\/p>\n","protected":false},"author":1740,"featured_media":0,"comment_status":"closed","ping_status":"closed","sticky":false,"template":"","format":"standard","meta":{"fifu_image_url":"","fifu_image_alt":"","footnotes":""},"categories":[53,76],"tags":[],"class_list":["post-87489","post","type-post","status-publish","format-standard","hentry","category-algerie","category-regions"],"_links":{"self":[{"href":"https:\/\/linitiative.ca\/International\/wp-json\/wp\/v2\/posts\/87489","targetHints":{"allow":["GET"]}}],"collection":[{"href":"https:\/\/linitiative.ca\/International\/wp-json\/wp\/v2\/posts"}],"about":[{"href":"https:\/\/linitiative.ca\/International\/wp-json\/wp\/v2\/types\/post"}],"author":[{"embeddable":true,"href":"https:\/\/linitiative.ca\/International\/wp-json\/wp\/v2\/users\/1740"}],"replies":[{"embeddable":true,"href":"https:\/\/linitiative.ca\/International\/wp-json\/wp\/v2\/comments?post=87489"}],"version-history":[{"count":0,"href":"https:\/\/linitiative.ca\/International\/wp-json\/wp\/v2\/posts\/87489\/revisions"}],"wp:attachment":[{"href":"https:\/\/linitiative.ca\/International\/wp-json\/wp\/v2\/media?parent=87489"}],"wp:term":[{"taxonomy":"category","embeddable":true,"href":"https:\/\/linitiative.ca\/International\/wp-json\/wp\/v2\/categories?post=87489"},{"taxonomy":"post_tag","embeddable":true,"href":"https:\/\/linitiative.ca\/International\/wp-json\/wp\/v2\/tags?post=87489"}],"curies":[{"name":"wp","href":"https:\/\/api.w.org\/{rel}","templated":true}]}}