{"id":87490,"date":"2020-06-01T13:20:00","date_gmt":"2020-06-01T17:20:00","guid":{"rendered":"https:\/\/linitiative.ca\/International\/le-president-tebboune-reconduit-la-prime-de-10-000-da\/"},"modified":"2020-06-01T13:20:00","modified_gmt":"2020-06-01T17:20:00","slug":"le-president-tebboune-reconduit-la-prime-de-10-000-da","status":"publish","type":"post","link":"https:\/\/linitiative.ca\/International\/le-president-tebboune-reconduit-la-prime-de-10-000-da\/","title":{"rendered":"Le pr\u00e9sident Tebboune  reconduit la prime de 10 000 DA"},"content":{"rendered":"<p><br id=\"sep_para_1\" class=\"sep_para access\"\/><\/p>\n<div id=\"para_1\" class=\"para_37242676 resize\">\n<div class=\"texte access firstletter\">Le pr\u00e9sident de la R\u00e9publique, Abdelmadjid Tebboune a d\u00e9cid\u00e9 de reconduire la prime de 10 000 DA octroy\u00e9e pour les personnes dans le besoin. La d\u00e9cision a \u00e9t\u00e9 prise ce dimanche \u00e0 l\u2019occasion du conseil des ministres pr\u00e9sid\u00e9 par Tebboune par\u00a0\u00a0 visioconf\u00e9rence. Les personnes qui n\u2019ont pas b\u00e9n\u00e9fici\u00e9 de cette aide de l\u2019\u00e9tat, qui est une allocation de solidarit\u00e9 aux familles n\u00e9cessiteuses impact\u00e9es par les mesures de confinement li\u00e9es au Coronavirus, sont appel\u00e9s \u00e0 s\u2019inscrire au niveau des institutions concern\u00e9s. A noter que c\u2019est la deuxi\u00e8me aide d\u00e9cid\u00e9 par le chef de l\u2019\u00e9tat depuis l\u2019apparition du Coronavirus en Alg\u00e9rie.\u00a0\u00a0 La premi\u00e8re allocation de solidarit\u00e9 a \u00e9t\u00e9 vers\u00e9e aux familles n\u00e9cessiteuses\u00a0 impact\u00e9es socialement et \u00e9conomiquement par les mesures de pr\u00e9vention et de lutte contre l\u2019\u00e9pid\u00e9mie du Coronavirus\u00a0 ainsi que celles qui percevaient auparavant l\u2019enveloppe des 6.000 DA, au titre des op\u00e9rations de solidarit\u00e9 pour le mois de Ramadan.<\/div>\n<\/div>\n<p>Auteur: R\u00e9flexion<br \/>\n<a href=\"https:\/\/www.reflexiondz.net\/Le-president-Tebboune-reconduit-la-prime-de-10-000-DA_a63086.html\">Cliquez ici pour lire l&rsquo;article depuis sa source.<\/a><\/p>\n","protected":false},"excerpt":{"rendered":"<p>Le pr\u00e9sident de la R\u00e9publique, Abdelmadjid Tebboune a d\u00e9cid\u00e9 de reconduire la prime de 10 000 DA octroy\u00e9e pour les personnes dans le besoin. La d\u00e9cision a \u00e9t\u00e9 prise ce dimanche \u00e0 l\u2019occasion du conseil des ministres pr\u00e9sid\u00e9 par Tebboune par\u00a0\u00a0 visioconf\u00e9rence. Les personnes qui n\u2019ont pas b\u00e9n\u00e9fici\u00e9 de cette aide de l\u2019\u00e9tat, qui est [&hellip;]<\/p>\n","protected":false},"author":1740,"featured_media":0,"comment_status":"closed","ping_status":"closed","sticky":false,"template":"","format":"standard","meta":{"fifu_image_url":"","fifu_image_alt":"","footnotes":""},"categories":[53,76],"tags":[],"class_list":["post-87490","post","type-post","status-publish","format-standard","hentry","category-algerie","category-regions"],"_links":{"self":[{"href":"https:\/\/linitiative.ca\/International\/wp-json\/wp\/v2\/posts\/87490","targetHints":{"allow":["GET"]}}],"collection":[{"href":"https:\/\/linitiative.ca\/International\/wp-json\/wp\/v2\/posts"}],"about":[{"href":"https:\/\/linitiative.ca\/International\/wp-json\/wp\/v2\/types\/post"}],"author":[{"embeddable":true,"href":"https:\/\/linitiative.ca\/International\/wp-json\/wp\/v2\/users\/1740"}],"replies":[{"embeddable":true,"href":"https:\/\/linitiative.ca\/International\/wp-json\/wp\/v2\/comments?post=87490"}],"version-history":[{"count":0,"href":"https:\/\/linitiative.ca\/International\/wp-json\/wp\/v2\/posts\/87490\/revisions"}],"wp:attachment":[{"href":"https:\/\/linitiative.ca\/International\/wp-json\/wp\/v2\/media?parent=87490"}],"wp:term":[{"taxonomy":"category","embeddable":true,"href":"https:\/\/linitiative.ca\/International\/wp-json\/wp\/v2\/categories?post=87490"},{"taxonomy":"post_tag","embeddable":true,"href":"https:\/\/linitiative.ca\/International\/wp-json\/wp\/v2\/tags?post=87490"}],"curies":[{"name":"wp","href":"https:\/\/api.w.org\/{rel}","templated":true}]}}