{"id":87491,"date":"2020-06-01T13:20:00","date_gmt":"2020-06-01T17:20:00","guid":{"rendered":"https:\/\/linitiative.ca\/International\/les-freres-kouninef-de-nouveau-auditionnes\/"},"modified":"2020-06-01T13:20:00","modified_gmt":"2020-06-01T17:20:00","slug":"les-freres-kouninef-de-nouveau-auditionnes","status":"publish","type":"post","link":"https:\/\/linitiative.ca\/International\/les-freres-kouninef-de-nouveau-auditionnes\/","title":{"rendered":"Les fr\u00e8res Kouninef de nouveau auditionn\u00e9s"},"content":{"rendered":"<p><br id=\"sep_para_1\" class=\"sep_para access\"\/><\/p>\n<div id=\"para_1\" class=\"para_37242678 resize\">\n<div class=\"texte access firstletter\">Les trois fr\u00e8res Kouninef ont \u00e9t\u00e9 auditionn\u00e9s par le juge d\u2019instruction du tribunal de Sidi M\u2019hamed (Alger) dans une affaire de corruption. Consid\u00e9r\u00e9s comme tr\u00e8s proches du clan Bouteflika, les Kouninef devaient r\u00e9pondre \u00e0 plusieurs chefs d\u2019inculpation dont \u00ab trafic d\u2019influence \u00bb, \u00ab d\u00e9tournement de fonciers et de concessions \u00bb, et \u00ab non respect des engagements contractuels dans la r\u00e9alisation de projets publics \u00bb. Pour rappel, les trois fr\u00e8res Kouninef, R\u00e9da, Abdelkader-Karim et Tarek ont \u00e9t\u00e9 plac\u00e9s, le 24 avril 2019, en d\u00e9tention provisoire \u00e0 la prison d\u2019El Harrach par le tribunal de Sidi M\u2019hamed.<\/div>\n<\/div>\n<p>Auteur: R\u00e9flexion<br \/>\n<a href=\"https:\/\/www.reflexiondz.net\/Les-freres-Kouninef-de-nouveau-auditionnes_a63088.html\">Cliquez ici pour lire l&rsquo;article depuis sa source.<\/a><\/p>\n","protected":false},"excerpt":{"rendered":"<p>Les trois fr\u00e8res Kouninef ont \u00e9t\u00e9 auditionn\u00e9s par le juge d\u2019instruction du tribunal de Sidi M\u2019hamed (Alger) dans une affaire de corruption. Consid\u00e9r\u00e9s comme tr\u00e8s proches du clan Bouteflika, les Kouninef devaient r\u00e9pondre \u00e0 plusieurs chefs d\u2019inculpation dont \u00ab trafic d\u2019influence \u00bb, \u00ab d\u00e9tournement de fonciers et de concessions \u00bb, et \u00ab non respect des [&hellip;]<\/p>\n","protected":false},"author":1740,"featured_media":0,"comment_status":"closed","ping_status":"closed","sticky":false,"template":"","format":"standard","meta":{"fifu_image_url":"","fifu_image_alt":"","footnotes":""},"categories":[53,76],"tags":[],"class_list":["post-87491","post","type-post","status-publish","format-standard","hentry","category-algerie","category-regions"],"_links":{"self":[{"href":"https:\/\/linitiative.ca\/International\/wp-json\/wp\/v2\/posts\/87491","targetHints":{"allow":["GET"]}}],"collection":[{"href":"https:\/\/linitiative.ca\/International\/wp-json\/wp\/v2\/posts"}],"about":[{"href":"https:\/\/linitiative.ca\/International\/wp-json\/wp\/v2\/types\/post"}],"author":[{"embeddable":true,"href":"https:\/\/linitiative.ca\/International\/wp-json\/wp\/v2\/users\/1740"}],"replies":[{"embeddable":true,"href":"https:\/\/linitiative.ca\/International\/wp-json\/wp\/v2\/comments?post=87491"}],"version-history":[{"count":0,"href":"https:\/\/linitiative.ca\/International\/wp-json\/wp\/v2\/posts\/87491\/revisions"}],"wp:attachment":[{"href":"https:\/\/linitiative.ca\/International\/wp-json\/wp\/v2\/media?parent=87491"}],"wp:term":[{"taxonomy":"category","embeddable":true,"href":"https:\/\/linitiative.ca\/International\/wp-json\/wp\/v2\/categories?post=87491"},{"taxonomy":"post_tag","embeddable":true,"href":"https:\/\/linitiative.ca\/International\/wp-json\/wp\/v2\/tags?post=87491"}],"curies":[{"name":"wp","href":"https:\/\/api.w.org\/{rel}","templated":true}]}}