{"id":87492,"date":"2020-06-01T13:20:00","date_gmt":"2020-06-01T17:20:00","guid":{"rendered":"https:\/\/linitiative.ca\/International\/mustapha-hamici-installe-a-la-tete-du-quotidien-echaab\/"},"modified":"2020-06-01T13:20:00","modified_gmt":"2020-06-01T17:20:00","slug":"mustapha-hamici-installe-a-la-tete-du-quotidien-echaab","status":"publish","type":"post","link":"https:\/\/linitiative.ca\/International\/mustapha-hamici-installe-a-la-tete-du-quotidien-echaab\/","title":{"rendered":"Mustapha Hamici install\u00e9  \u00e0 la t\u00eate du quotidien Echa\u00e2b"},"content":{"rendered":"<p><br id=\"sep_para_1\" class=\"sep_para access\"\/><\/p>\n<div id=\"para_1\" class=\"para_37242677 resize\">\n<div class=\"texte access firstletter\">Mustapha Hamici a \u00e9t\u00e9 install\u00e9 officiellement, lundi, dans ses nouvelles fonctions de directeur g\u00e9n\u00e9ral du quotidien national arabophone Echa\u00e2b, lors d&rsquo;une c\u00e9r\u00e9monie pr\u00e9sid\u00e9e par le ministre de la Communication, Porte-parole du gouvernement, Amar Belhimer. M. Hamici remplace M. Fnides Benbella qui assurait le poste de directeur g\u00e9n\u00e9ral par int\u00e9rim. Intervenant \u00e0 cette occasion, M. Belhimer a soulign\u00e9 la n\u00e9cessit\u00e9 pour Echa\u00e2b de \u00ab\u00a0reprendre sa place sur la sc\u00e8ne m\u00e9diatique en tant qu&rsquo;entreprise d&rsquo;information, qui doit poss\u00e9der une maison d&rsquo;\u00e9dition, un forum, un centre de recherche en g\u00e9opolitique et g\u00e9ostrat\u00e9gie, \u00e0 l&rsquo;instar d&rsquo;Al-Ahram \u00e9gyptien ou Le Monde fran\u00e7ais\u00a0\u00bb, mettant en avant l&rsquo;importance de la comp\u00e9tence pour ce faire. De son c\u00f4t\u00e9, M. Hamici s&rsquo;est f\u00e9licit\u00e9 de sa d\u00e9signation \u00e0 la t\u00eate du quotidien Echa\u00e2b, soulignant la n\u00e9cessit\u00e9 de fournir le soutien n\u00e9cessaire \u00e0 m\u00eame de permettre au journal de reprendre sa place sur la sc\u00e8ne m\u00e9diatique, \u00e0 l&rsquo;heure des mutations que conna\u00eet le monde en g\u00e9n\u00e9ral et l&rsquo;Alg\u00e9rie en particulier.<\/div>\n<\/div>\n<p>Auteur: R\u00e9flexion<br \/>\n<a href=\"https:\/\/www.reflexiondz.net\/Mustapha-Hamici-installe-a-la-tete-du-quotidien-Echaab_a63087.html\">Cliquez ici pour lire l&rsquo;article depuis sa source.<\/a><\/p>\n","protected":false},"excerpt":{"rendered":"<p>Mustapha Hamici a \u00e9t\u00e9 install\u00e9 officiellement, lundi, dans ses nouvelles fonctions de directeur g\u00e9n\u00e9ral du quotidien national arabophone Echa\u00e2b, lors d&rsquo;une c\u00e9r\u00e9monie pr\u00e9sid\u00e9e par le ministre de la Communication, Porte-parole du gouvernement, Amar Belhimer. M. Hamici remplace M. Fnides Benbella qui assurait le poste de directeur g\u00e9n\u00e9ral par int\u00e9rim. Intervenant \u00e0 cette occasion, M. Belhimer [&hellip;]<\/p>\n","protected":false},"author":1740,"featured_media":0,"comment_status":"closed","ping_status":"closed","sticky":false,"template":"","format":"standard","meta":{"fifu_image_url":"","fifu_image_alt":"","footnotes":""},"categories":[53,76],"tags":[],"class_list":["post-87492","post","type-post","status-publish","format-standard","hentry","category-algerie","category-regions"],"_links":{"self":[{"href":"https:\/\/linitiative.ca\/International\/wp-json\/wp\/v2\/posts\/87492","targetHints":{"allow":["GET"]}}],"collection":[{"href":"https:\/\/linitiative.ca\/International\/wp-json\/wp\/v2\/posts"}],"about":[{"href":"https:\/\/linitiative.ca\/International\/wp-json\/wp\/v2\/types\/post"}],"author":[{"embeddable":true,"href":"https:\/\/linitiative.ca\/International\/wp-json\/wp\/v2\/users\/1740"}],"replies":[{"embeddable":true,"href":"https:\/\/linitiative.ca\/International\/wp-json\/wp\/v2\/comments?post=87492"}],"version-history":[{"count":0,"href":"https:\/\/linitiative.ca\/International\/wp-json\/wp\/v2\/posts\/87492\/revisions"}],"wp:attachment":[{"href":"https:\/\/linitiative.ca\/International\/wp-json\/wp\/v2\/media?parent=87492"}],"wp:term":[{"taxonomy":"category","embeddable":true,"href":"https:\/\/linitiative.ca\/International\/wp-json\/wp\/v2\/categories?post=87492"},{"taxonomy":"post_tag","embeddable":true,"href":"https:\/\/linitiative.ca\/International\/wp-json\/wp\/v2\/tags?post=87492"}],"curies":[{"name":"wp","href":"https:\/\/api.w.org\/{rel}","templated":true}]}}