{"id":87506,"date":"2020-06-01T11:58:10","date_gmt":"2020-06-01T15:58:10","guid":{"rendered":"https:\/\/linitiative.ca\/International\/covid-19-voici-les-nouvelles-regles-a-respecter-pour-reprendre-lavion\/"},"modified":"2020-06-01T11:58:10","modified_gmt":"2020-06-01T15:58:10","slug":"covid-19-voici-les-nouvelles-regles-a-respecter-pour-reprendre-lavion","status":"publish","type":"post","link":"https:\/\/linitiative.ca\/International\/covid-19-voici-les-nouvelles-regles-a-respecter-pour-reprendre-lavion\/","title":{"rendered":"Covid-19 : Voici les nouvelles r\u00e8gles \u00e0 respecter pour reprendre l\u2019avion !"},"content":{"rendered":"<p><strong>L\u2019Organisation de l\u2019aviation civile internationale (OACI) vient de rendre sa copie sur son protocole sanitaire dans le secteur du transport a\u00e9rien. Un \u00abguide des bonnes pratiques\u00bb qui fait notamment du port du masque, des contr\u00f4les de temp\u00e9rature et de la d\u00e9sinfection des avions, un pr\u00e9alable n\u00e9cessaire pour minimiser le risque de transmission du virus tant dans les infrastructures a\u00e9roportuaires qu\u2019\u00e0 bord des avions.<\/strong><\/p>\n<div class=\"c10\"\/>\n<p>Apr\u00e8s avoir \u00e9t\u00e9 clou\u00e9 au sol et mis financi\u00e8rement \u00e0 genoux, le secteur du transport a\u00e9rien r\u00e9clamait une harmonisation des r\u00e8gles afin de rassurer les passagers et les \u00c9tats qui ont, pour beaucoup, ferm\u00e9 leurs fronti\u00e8res dans l\u2019espoir d\u2019enrayer la propagation de l\u2019\u00e9pid\u00e9mie. Un protocole sanitaire \u00e9labor\u00e9 conjointement avec l\u2019Organisation mondiale de la sant\u00e9 et l\u2019Association internationale du transport a\u00e9rien (IATA) a \u00e9t\u00e9 approuv\u00e9 ce lundi 1 juin 2020 par le Conseil de l\u2019OACI.<\/p>\n<p><strong>Les principales mesures<\/strong><\/p>\n<div class=\"wp-block-image\"><img loading=\"lazy\" decoding=\"async\" src=\"https:\/\/www.challenge.ma\/wp-content\/uploads\/2020\/06\/WhatsApp-Image-2020-06-01-at-16.53.37-1024x726.jpeg\" alt=\"\" class=\"wp-image-142758\" width=\"256\" height=\"181\" srcset=\"https:\/\/www.challenge.ma\/wp-content\/uploads\/2020\/06\/WhatsApp-Image-2020-06-01-at-16.53.37-1024x726.jpeg 1024w, https:\/\/www.challenge.ma\/wp-content\/uploads\/2020\/06\/WhatsApp-Image-2020-06-01-at-16.53.37-300x213.jpeg 300w, https:\/\/www.challenge.ma\/wp-content\/uploads\/2020\/06\/WhatsApp-Image-2020-06-01-at-16.53.37-768x545.jpeg 768w, https:\/\/www.challenge.ma\/wp-content\/uploads\/2020\/06\/WhatsApp-Image-2020-06-01-at-16.53.37-360x255.jpeg 360w, https:\/\/www.challenge.ma\/wp-content\/uploads\/2020\/06\/WhatsApp-Image-2020-06-01-at-16.53.37-750x532.jpeg 750w, https:\/\/www.challenge.ma\/wp-content\/uploads\/2020\/06\/WhatsApp-Image-2020-06-01-at-16.53.37.jpeg 1200w\" sizes=\"auto, (max-width: 256px) 100vw, 256px\"\/><\/div>\n<p>Les recommandations se veulent, selon l\u2019Organisation, un \u00abcadre\u00bb visant aussi bien la s\u00e9curit\u00e9 des passagers que celle des personnels dans les a\u00e9roports, comme \u00e0 bord des avions. Concr\u00e8tement, le voyageur devrait pr\u00e9senter d\u00e8s son arriv\u00e9e \u00e0 l\u2019a\u00e9roport une d\u00e9claration de sant\u00e9 et subir un premier contr\u00f4le de temp\u00e9rature, pr\u00e9cise l\u2019OACI. L\u2019enregistrement en ligne avant d\u2019arriver \u00e0 l\u2019a\u00e9roport doit \u00eatre privil\u00e9gi\u00e9. De m\u00eame que l\u2019Organisation recommande aux a\u00e9roports de red\u00e9finir, d\u2019un point de vue logistique, les v\u00e9rifications de passage aux contr\u00f4les de s\u00e9curit\u00e9, l\u2019objectif \u00e9tant de limiter les contacts physiques et les files d\u2019attente.<\/p>\n<p><strong>Lire aussi |<a href=\"https:\/\/www.challenge.ma\/coronavirus-le-deconfinement-avant-lheure-142551\/\">Coronavirus : le d\u00e9confinement avant l\u2019heure<\/a><\/strong><\/p>\n<p>Le port du masque doit \u00eatre obligatoire \u00e0 l\u2019int\u00e9rieur du terminal, dans lequel une distance physique d\u2019au moins un m\u00e8tre doit \u00eatre respect\u00e9e. Il en est de m\u00eame \u00e0 bord des appareils. Une fois dans la cabine, les passagers doivent garder leur masque et se d\u00e9placer le moins possible pendant le vol, en \u00e9vitant les files d\u2019attente, notamment vers les toilettes, pour ne pas risquer de contaminer les autres passagers.<\/p>\n<p><strong>Des places limit\u00e9es<\/strong><\/p>\n<p>Et qu\u2019en est-il au niveau des places assises\u00a0? L\u2019OACI ne pr\u00e9conise pas de neutraliser un si\u00e8ge sur deux pour assurer la distanciation physique, un syst\u00e8me qui ne fait pas l\u2019unanimit\u00e9 chez les op\u00e9rateurs de transport qui y voient une menace \u00e9conomique pour leurs business. Cependant, l\u2019Organisation recommande vivement que les voyageurs soient aussi \u00e9loign\u00e9s le plus possible les uns des autres selon le taux d\u2019occupation de l\u2019avion. Par ailleurs, la nourriture \u00e0 bord devra \u00eatre pr\u00e9-emball\u00e9e\u00a0; de m\u00eame que l\u2019a\u00e9ronef doit \u00eatre d\u00e9sinfect\u00e9 r\u00e9guli\u00e8rement. Il va sans dire que de nouveaux contr\u00f4les de temp\u00e9rature doivent \u00eatre effectu\u00e9s sit\u00f4t l\u2019avion arriv\u00e9 \u00e0 destination.<\/p>\n<p>A noter que les changements impos\u00e9s au secteur a\u00e9rien pour lutter contre l\u2019\u00e9pid\u00e9mie sont, selon l\u2019OACI, les plus importants depuis les mesures de renforcement en mati\u00e8re de s\u00e9curit\u00e9 qui ont \u00e9t\u00e9 \u00e9dict\u00e9es au lendemain des attentats du 11 septembre 2001 aux \u00c9tats-Unis. L\u2019OACI qui estime enfin que la pand\u00e9mie de coronavirus pourrait r\u00e9duire de 1,5 milliard le nombre de passagers d\u2019ici la fin de l\u2019ann\u00e9e.<\/p>\n<div class=\"c17\">\n<fieldset class=\"c16\">\n<legend><strong><span class=\"c11\">Challenge<\/span><span class=\"c12\">news<\/span><\/strong><\/legend>\n<div class=\"c15\">Le meilleur de Challenge s\u00e9lectionn\u00e9 par la r\u00e9daction :<\/p>\n<\/div>\n<\/fieldset>\n<\/div>\n<p>Auteur: David J\u00e9r\u00e9mie<br \/>\n<a href=\"https:\/\/www.challenge.ma\/covid-19-voici-les-nouvelles-regles-a-respecter-pour-reprendre-lavion-142756\/\">Cliquez ici pour lire l&rsquo;article depuis sa source.<\/a><\/p>\n","protected":false},"excerpt":{"rendered":"<p>L\u2019Organisation de l\u2019aviation civile internationale (OACI) vient de rendre sa copie sur son protocole sanitaire dans le secteur du transport a\u00e9rien. Un \u00abguide des bonnes pratiques\u00bb qui fait notamment du port du masque, des contr\u00f4les de temp\u00e9rature et de la d\u00e9sinfection des avions, un pr\u00e9alable n\u00e9cessaire pour minimiser le risque de transmission du virus tant [&hellip;]<\/p>\n","protected":false},"author":1787,"featured_media":87507,"comment_status":"closed","ping_status":"closed","sticky":false,"template":"","format":"standard","meta":{"fifu_image_url":"","fifu_image_alt":"","footnotes":""},"categories":[78,54],"tags":[],"class_list":["post-87506","post","type-post","status-publish","format-standard","has-post-thumbnail","hentry","category-economie","category-maroc"],"_links":{"self":[{"href":"https:\/\/linitiative.ca\/International\/wp-json\/wp\/v2\/posts\/87506","targetHints":{"allow":["GET"]}}],"collection":[{"href":"https:\/\/linitiative.ca\/International\/wp-json\/wp\/v2\/posts"}],"about":[{"href":"https:\/\/linitiative.ca\/International\/wp-json\/wp\/v2\/types\/post"}],"author":[{"embeddable":true,"href":"https:\/\/linitiative.ca\/International\/wp-json\/wp\/v2\/users\/1787"}],"replies":[{"embeddable":true,"href":"https:\/\/linitiative.ca\/International\/wp-json\/wp\/v2\/comments?post=87506"}],"version-history":[{"count":0,"href":"https:\/\/linitiative.ca\/International\/wp-json\/wp\/v2\/posts\/87506\/revisions"}],"wp:featuredmedia":[{"embeddable":true,"href":"https:\/\/linitiative.ca\/International\/wp-json\/"}],"wp:attachment":[{"href":"https:\/\/linitiative.ca\/International\/wp-json\/wp\/v2\/media?parent=87506"}],"wp:term":[{"taxonomy":"category","embeddable":true,"href":"https:\/\/linitiative.ca\/International\/wp-json\/wp\/v2\/categories?post=87506"},{"taxonomy":"post_tag","embeddable":true,"href":"https:\/\/linitiative.ca\/International\/wp-json\/wp\/v2\/tags?post=87506"}],"curies":[{"name":"wp","href":"https:\/\/api.w.org\/{rel}","templated":true}]}}