{"id":87508,"date":"2020-06-01T12:03:14","date_gmt":"2020-06-01T16:03:14","guid":{"rendered":"https:\/\/linitiative.ca\/International\/lamerique-et-ses-demons\/"},"modified":"2020-06-01T12:03:14","modified_gmt":"2020-06-01T16:03:14","slug":"lamerique-et-ses-demons","status":"publish","type":"post","link":"https:\/\/linitiative.ca\/International\/lamerique-et-ses-demons\/","title":{"rendered":"L\u2019Am\u00e9rique et ses d\u00e9mons"},"content":{"rendered":"<p><strong>Les USA ont d\u00e9j\u00e0 \u00e9t\u00e9 secou\u00e9s par des crimes racistes, \u00ab\u00a0la vie des noirs compte\u00a0\u00bb est un slogan qui ne date pas d\u2019aujourd\u2019hui. Mais cette fois on a l\u2019impression d\u2019un v\u00e9ritable s\u00e9isme, les gens refusent ce poison raciste qui a fond\u00e9 l\u2019Am\u00e9rique.<\/strong><\/p>\n<div class=\"c10\"\/>\n<p>Il faut arr\u00eater de parler d\u2019une grande d\u00e9mocratie quand on parle des USA. Sa puissance \u00e9conomique a \u00e9t\u00e9 construite par l\u2019esclavage. Les Am\u00e9ricains n\u2019ont perdu ni dans la premi\u00e8re guerre mondiale, ni dans la seconde, ni dans les deux r\u00e9unies autant de morts que lors de la guerre de s\u00e9cession. Sept cent mille am\u00e9ricains ont p\u00e9ri dans cette guerre fratricide dont l\u2019objet de discorde \u00e9tait l\u2019esclavage.<\/p>\n<p>Ceux qui veulent nous vendre l\u2019id\u00e9e de l\u2019Am\u00e9rique, grande d\u00e9mocratie, sont des escrocs. Le r\u00eave de Martin Luther King n\u2019est toujours pas r\u00e9alis\u00e9. Et nous participons tous \u00e0 la p\u00e9rennisation de cette puissance imp\u00e9rialiste, raciste dirig\u00e9e par un conglom\u00e9rat de sionistes, d\u2019extr\u00e9mistes de droite, qui s\u2019allient contre deux valeurs universelles\u00a0: l\u2019\u00e9galit\u00e9 et la solidarit\u00e9.<br \/>Nous sommes complices parce que nous parlons d\u2019Afro-Am\u00e9ricains, pour ne pas dire Noirs, il n\u2019y a pas racisme plus pervers, ce sont des Am\u00e9ricains noirs. Qui parle d\u2019Europ\u00e9o-Am\u00e9ricains\u00a0? Les USA se sont construits sur le g\u00e9nocide des indiens et l\u2019esclavage des noirs. Cela les marque et constitue le poison qui les mine.<\/p>\n<p><strong>Lire aussi |<a href=\"https:\/\/www.challenge.ma\/coronavirus-le-deconfinement-avant-lheure-142551\/\">Coronavirus : le d\u00e9confinement avant l\u2019heure<\/a><\/strong><\/p>\n<p>La discrimination positive est raciste, elle n\u2019est l\u00e0 que pour cacher l\u2019incapacit\u00e9 d\u2019une soci\u00e9t\u00e9 \u00e0 faire de l\u2019\u00e9galit\u00e9, non pas une r\u00e9alit\u00e9 mais un objectif. Les noirs repr\u00e9sentent 20 % de la population am\u00e9ricaine, mais 60 % des prisonniers, et ce n\u2019est pas li\u00e9 \u00e0 la couleur de leur peau, mais \u00e0 leurs conditions de vie m\u00eame apr\u00e8s un pr\u00e9sident noir.<\/p>\n<p>Ce sont les noirs qui ont pay\u00e9 le tribut le plus lourd au covid-19 parce qu\u2019ils n\u2019ont pas acc\u00e8s aux soins. L\u2019Am\u00e9rique a perdu 40 millions d\u2019emplois, les noirs y sont surrepr\u00e9sent\u00e9s. L\u2019Am\u00e9rique est profond\u00e9ment raciste, son pr\u00e9sident est raciste, ce n\u2019est pas une d\u00e9mocratie \u00e9galitaire. La Fayette ne leur a pas transmis le souffle de la r\u00e9volution fran\u00e7aise.<\/p>\n<div class=\"c17\">\n<fieldset class=\"c16\">\n<legend><strong><span class=\"c11\">Challenge<\/span><span class=\"c12\">news<\/span><\/strong><\/legend>\n<div class=\"c15\">Le meilleur de Challenge s\u00e9lectionn\u00e9 par la r\u00e9daction :<\/p>\n<\/div>\n<\/fieldset>\n<\/div>\n<p>Auteur: Jamal Berraoui<br \/>\n<a href=\"https:\/\/www.challenge.ma\/lamerique-et-ses-demons-142745\/\">Cliquez ici pour lire l&rsquo;article depuis sa source.<\/a><\/p>\n","protected":false},"excerpt":{"rendered":"<p>Les USA ont d\u00e9j\u00e0 \u00e9t\u00e9 secou\u00e9s par des crimes racistes, \u00ab\u00a0la vie des noirs compte\u00a0\u00bb est un slogan qui ne date pas d\u2019aujourd\u2019hui. Mais cette fois on a l\u2019impression d\u2019un v\u00e9ritable s\u00e9isme, les gens refusent ce poison raciste qui a fond\u00e9 l\u2019Am\u00e9rique. Il faut arr\u00eater de parler d\u2019une grande d\u00e9mocratie quand on parle des USA. [&hellip;]<\/p>\n","protected":false},"author":1787,"featured_media":0,"comment_status":"closed","ping_status":"closed","sticky":false,"template":"","format":"standard","meta":{"fifu_image_url":"","fifu_image_alt":"","footnotes":""},"categories":[78,54],"tags":[],"class_list":["post-87508","post","type-post","status-publish","format-standard","hentry","category-economie","category-maroc"],"_links":{"self":[{"href":"https:\/\/linitiative.ca\/International\/wp-json\/wp\/v2\/posts\/87508","targetHints":{"allow":["GET"]}}],"collection":[{"href":"https:\/\/linitiative.ca\/International\/wp-json\/wp\/v2\/posts"}],"about":[{"href":"https:\/\/linitiative.ca\/International\/wp-json\/wp\/v2\/types\/post"}],"author":[{"embeddable":true,"href":"https:\/\/linitiative.ca\/International\/wp-json\/wp\/v2\/users\/1787"}],"replies":[{"embeddable":true,"href":"https:\/\/linitiative.ca\/International\/wp-json\/wp\/v2\/comments?post=87508"}],"version-history":[{"count":0,"href":"https:\/\/linitiative.ca\/International\/wp-json\/wp\/v2\/posts\/87508\/revisions"}],"wp:attachment":[{"href":"https:\/\/linitiative.ca\/International\/wp-json\/wp\/v2\/media?parent=87508"}],"wp:term":[{"taxonomy":"category","embeddable":true,"href":"https:\/\/linitiative.ca\/International\/wp-json\/wp\/v2\/categories?post=87508"},{"taxonomy":"post_tag","embeddable":true,"href":"https:\/\/linitiative.ca\/International\/wp-json\/wp\/v2\/tags?post=87508"}],"curies":[{"name":"wp","href":"https:\/\/api.w.org\/{rel}","templated":true}]}}