{"id":87509,"date":"2020-06-01T12:30:21","date_gmt":"2020-06-01T16:30:21","guid":{"rendered":"https:\/\/linitiative.ca\/International\/vrai-ou-fake-sur-la-covid-19-au-maroc-lundi-1er-juin\/"},"modified":"2020-06-01T12:30:21","modified_gmt":"2020-06-01T16:30:21","slug":"vrai-ou-fake-sur-la-covid-19-au-maroc-lundi-1er-juin","status":"publish","type":"post","link":"https:\/\/linitiative.ca\/International\/vrai-ou-fake-sur-la-covid-19-au-maroc-lundi-1er-juin\/","title":{"rendered":"Vrai ou Fake sur la covid-19 au Maroc, lundi 1er juin"},"content":{"rendered":"<p><strong>Le Coronavirus, qui a contamin\u00e9 plus de 6 millions de personnes dans le monde, est \u00e0 l\u2019origine d\u2019un flot de Fake news relay\u00e9es par des sites d\u2019information et sur les r\u00e9seaux sociaux. La MAP fait le tri entre l\u2019intox et les bonnes informations pour une meilleure sensibilisation.<\/strong><\/p>\n<div class=\"c10\"\/>\n<p>\u2013 L\u2019application mobile de notification d\u2019exposition \u00e0 la Covid-19 sera install\u00e9e ou activ\u00e9e d\u2019office sur tous les t\u00e9l\u00e9phones. <strong>FAKE<\/strong><\/p>\n<p>\u2013 12 nouveaux cas d\u2019infection au nouveau coronavirus ont \u00e9t\u00e9 confirm\u00e9s au Maroc, portant \u00e0 7.819 le nombre total des cas de contamination. <strong>VRAI<\/strong><\/p>\n<p>\u2013 L\u2019application \u00ab\u00a0Wiqaytna\u00a0\u00bb acc\u00e8de \u00e0 la base de contacts des utilisateurs. <strong>FAKE<\/strong><\/p>\n<p>\u2013 Le minist\u00e8re de la Sant\u00e9 a renforc\u00e9 le dispositif existant de suivi des contacts, par le lancement d\u2019une application mobile de notification d\u2019exposition \u00e0 la Covid-19, baptis\u00e9e \u00ab\u00a0Wiqaytna\u00a0\u00bb. <strong>VRAI<\/strong><\/p>\n<p>\u2013 Les chiffres de la l\u00e9talit\u00e9 du nouveau Coronavirus (Covid-19) ont \u00e9t\u00e9 sur\u00e9valu\u00e9s. <strong>FAKE<\/strong><\/p>\n<p><strong>Lire aussi |<a href=\"https:\/\/www.challenge.ma\/covid-19-voici-les-nouvelles-regles-a-respecter-pour-reprendre-lavion-142756\/\">Covid-19 : Voici les nouvelles r\u00e8gles \u00e0 respecter pour reprendre l\u2019avion !<\/a><\/strong><\/p>\n<p>\u2013 Le taux de l\u00e9talit\u00e9 au Maroc est de 2,6 %, demeurant ainsi stable et nettement inf\u00e9rieur \u00e0 la moyenne mondiale (moins de la moiti\u00e9). <strong>VRAI<\/strong><\/p>\n<p>\u2013 Lancement d\u2019un syst\u00e8me informatique permettant l\u2019acc\u00e8s gratuit \u00e0 la plateforme d\u2019enseignement \u00e0 distance TelmidTICE et le t\u00e9l\u00e9chargement de ressources num\u00e9riques. <strong>VRAI<\/strong><\/p>\n<p>\u2013 Le nombre des cas actifs est de 2.143, soit un taux de 5,9\/100.000 habitants. <strong>VRAI<\/strong><\/p>\n<p>\u2013 La Fondation MAScIR con\u00e7oit le premier kit 100% marocain de diagnostic de la Covid-19, test\u00e9 et valid\u00e9 par les Forces Arm\u00e9es Royales, la Gendarmerie Royale ainsi que l\u2019Institut Pasteur de Paris. <strong>VRAI<\/strong><\/p>\n<p>\u2013 L\u2019Agence nationale de l\u2019assurance maladie (ANAM) a proc\u00e9d\u00e9 \u00e0 la mise en place et \u00e0 l\u2019activation du service de bureau d\u2019ordre \u00e9lectronique. <strong>VRAI<\/strong><\/p>\n<div class=\"c17\">\n<fieldset class=\"c16\">\n<legend><strong><span class=\"c11\">Challenge<\/span><span class=\"c12\">news<\/span><\/strong><\/legend>\n<div class=\"c15\">Le meilleur de Challenge s\u00e9lectionn\u00e9 par la r\u00e9daction :<\/p>\n<\/div>\n<\/fieldset>\n<\/div>\n<p>Auteur: Hajar DARI<br \/>\n<a href=\"https:\/\/www.challenge.ma\/vrai-ou-fake-sur-la-covid-19-au-maroc-lundi-1-juin-142765\/\">Cliquez ici pour lire l&rsquo;article depuis sa source.<\/a><\/p>\n","protected":false},"excerpt":{"rendered":"<p>Le Coronavirus, qui a contamin\u00e9 plus de 6 millions de personnes dans le monde, est \u00e0 l\u2019origine d\u2019un flot de Fake news relay\u00e9es par des sites d\u2019information et sur les r\u00e9seaux sociaux. La MAP fait le tri entre l\u2019intox et les bonnes informations pour une meilleure sensibilisation. \u2013 L\u2019application mobile de notification d\u2019exposition \u00e0 la [&hellip;]<\/p>\n","protected":false},"author":1787,"featured_media":0,"comment_status":"closed","ping_status":"closed","sticky":false,"template":"","format":"standard","meta":{"fifu_image_url":"","fifu_image_alt":"","footnotes":""},"categories":[78,54],"tags":[],"class_list":["post-87509","post","type-post","status-publish","format-standard","hentry","category-economie","category-maroc"],"_links":{"self":[{"href":"https:\/\/linitiative.ca\/International\/wp-json\/wp\/v2\/posts\/87509","targetHints":{"allow":["GET"]}}],"collection":[{"href":"https:\/\/linitiative.ca\/International\/wp-json\/wp\/v2\/posts"}],"about":[{"href":"https:\/\/linitiative.ca\/International\/wp-json\/wp\/v2\/types\/post"}],"author":[{"embeddable":true,"href":"https:\/\/linitiative.ca\/International\/wp-json\/wp\/v2\/users\/1787"}],"replies":[{"embeddable":true,"href":"https:\/\/linitiative.ca\/International\/wp-json\/wp\/v2\/comments?post=87509"}],"version-history":[{"count":0,"href":"https:\/\/linitiative.ca\/International\/wp-json\/wp\/v2\/posts\/87509\/revisions"}],"wp:attachment":[{"href":"https:\/\/linitiative.ca\/International\/wp-json\/wp\/v2\/media?parent=87509"}],"wp:term":[{"taxonomy":"category","embeddable":true,"href":"https:\/\/linitiative.ca\/International\/wp-json\/wp\/v2\/categories?post=87509"},{"taxonomy":"post_tag","embeddable":true,"href":"https:\/\/linitiative.ca\/International\/wp-json\/wp\/v2\/tags?post=87509"}],"curies":[{"name":"wp","href":"https:\/\/api.w.org\/{rel}","templated":true}]}}