{"id":87528,"date":"2020-06-01T12:18:09","date_gmt":"2020-06-01T16:18:09","guid":{"rendered":"https:\/\/linitiative.ca\/International\/cpi-affaire-gbagbo-des-victimes-demandent-louverture-dun-nouveau-proces\/"},"modified":"2020-06-01T12:18:09","modified_gmt":"2020-06-01T16:18:09","slug":"cpi-affaire-gbagbo-des-victimes-demandent-louverture-dun-nouveau-proces","status":"publish","type":"post","link":"https:\/\/linitiative.ca\/International\/cpi-affaire-gbagbo-des-victimes-demandent-louverture-dun-nouveau-proces\/","title":{"rendered":"CPI\/Affaire Gbagbo: des victimes demandent l\u2019ouverture d\u2019un nouveau proc\u00e8s"},"content":{"rendered":"<div readability=\"32\">\n<p>Publi\u00e9 le 01.06.2020 \u00e0 17h18 par APA News<\/p>\n<\/div>\n<div readability=\"72\">\n<p>Le Collectif des victimes en C\u00f4te d\u2019Ivoire (CVCI) a demand\u00e9 lundi \u00e0 Abidjan, \u00e0 la Cour p\u00e9nale internationale (CPI) de casser la d\u00e9cision d\u2019acquittement de Laurent Gbagbo, l\u2019ex-pr\u00e9sident ivoirien et Charles Bl\u00e9 Goud\u00e9, son ex-ministre afin d\u2019ouvrir un nouveau proc\u00e8s devant une nouvelle Chambre de cette juridiction aux fins de satisfaire les besoins des victimes, a constat\u00e9 APA.Selon Issiaka Diaby, le pr\u00e9sident de cette organisation, qui s\u2019exprimait dans une conf\u00e9rence publique, \u00ab c\u2019est seulement \u00e0 ce seul prix que la CPI m\u00e9ritera d\u2019exister et d\u2019agir en C\u00f4te d\u2019Ivoire \u00bb. Cette position du CVCI intervient quelques jours seulement apr\u00e8s la lev\u00e9e de certaines \u00a0restrictions sur la libert\u00e9 de MM. Gbagbo et Bl\u00e9 Goud\u00e9.<\/p>\n<p>\u00ab Le CVCI interpelle la CPI sur ses dettes (v\u00e9rit\u00e9, justice et r\u00e9conciliation) envers les victimes, la garantie de non-r\u00e9p\u00e9tition des crimes de masse, un environnement de justice et de paix envers l\u2019ensemble des populations ivoiriennes et enfin une cr\u00e9dibilit\u00e9 envers l\u2019humanit\u00e9 \u00bb, a dit M. Diaby.<\/p>\n<p>Selon lui, les victimes et leurs familles en C\u00f4te d\u2019Ivoire d\u00e9plorent que neuf ann\u00e9es apr\u00e8s (la crise post-\u00e9lectorale), \u00ab elles n\u2019ont obtenu ni v\u00e9rit\u00e9, ni justice encore moins r\u00e9paration leur permettant de faire leur deuil et de tourner la page \u00bb.<\/p>\n<p>En libert\u00e9 conditionnelle depuis plusieurs mois, Laurent Gbagbo, l\u2019ancien pr\u00e9sident ivoirien et \u00a0son ex-ministre de la jeunesse Charles Bl\u00e9 Goud\u00e9, ont vu la CPI lever mercredi dernier certaines restrictions sur leur libert\u00e9. Ces mesures viennent ainsi assouplir les conditions restreignant la libert\u00e9 d\u2019aller et venir de MM. Gbagbo et Bl\u00e9 Goud\u00e9.<\/p>\n<p>Les deux hommes \u00e9taient poursuivis pour quatre chefs de crimes contre l\u2019humanit\u00e9 commis pendant la crise post-\u00e9lectorale ivoirienne de 2010-2011 qui a fait officiellement 3000 morts. M. Gbagbo et son coaccus\u00e9 ont \u00e9t\u00e9 acquitt\u00e9s par la CPI en janvier 2019 apr\u00e8s plusieurs ann\u00e9es de d\u00e9tention. Toutefois, la proc\u00e9dure reste pendante car le procureur de cette juridiction a fait appel contre la d\u00e9cision d\u2019acquittement.<\/p>\n<\/div>\n<p>Auteur: APA News<br \/>\n<a href=\"https:\/\/www.journalducameroun.com\/cpi-affaire-gbagbo-des-victimes-demandent-louverture-dun-nouveau-proces\/\">Cliquez ici pour lire l&rsquo;article depuis sa source.<\/a><\/p>\n","protected":false},"excerpt":{"rendered":"<p>Publi\u00e9 le 01.06.2020 \u00e0 17h18 par APA News Le Collectif des victimes en C\u00f4te d\u2019Ivoire (CVCI) a demand\u00e9 lundi \u00e0 Abidjan, \u00e0 la Cour p\u00e9nale internationale (CPI) de casser la d\u00e9cision d\u2019acquittement de Laurent Gbagbo, l\u2019ex-pr\u00e9sident ivoirien et Charles Bl\u00e9 Goud\u00e9, son ex-ministre afin d\u2019ouvrir un nouveau proc\u00e8s devant une nouvelle Chambre de cette juridiction [&hellip;]<\/p>\n","protected":false},"author":1965,"featured_media":0,"comment_status":"closed","ping_status":"closed","sticky":false,"template":"","format":"standard","meta":{"fifu_image_url":"","fifu_image_alt":"","footnotes":""},"categories":[73,82],"tags":[],"class_list":["post-87528","post","type-post","status-publish","format-standard","hentry","category-actualite","category-cameroun"],"_links":{"self":[{"href":"https:\/\/linitiative.ca\/International\/wp-json\/wp\/v2\/posts\/87528","targetHints":{"allow":["GET"]}}],"collection":[{"href":"https:\/\/linitiative.ca\/International\/wp-json\/wp\/v2\/posts"}],"about":[{"href":"https:\/\/linitiative.ca\/International\/wp-json\/wp\/v2\/types\/post"}],"author":[{"embeddable":true,"href":"https:\/\/linitiative.ca\/International\/wp-json\/wp\/v2\/users\/1965"}],"replies":[{"embeddable":true,"href":"https:\/\/linitiative.ca\/International\/wp-json\/wp\/v2\/comments?post=87528"}],"version-history":[{"count":0,"href":"https:\/\/linitiative.ca\/International\/wp-json\/wp\/v2\/posts\/87528\/revisions"}],"wp:attachment":[{"href":"https:\/\/linitiative.ca\/International\/wp-json\/wp\/v2\/media?parent=87528"}],"wp:term":[{"taxonomy":"category","embeddable":true,"href":"https:\/\/linitiative.ca\/International\/wp-json\/wp\/v2\/categories?post=87528"},{"taxonomy":"post_tag","embeddable":true,"href":"https:\/\/linitiative.ca\/International\/wp-json\/wp\/v2\/tags?post=87528"}],"curies":[{"name":"wp","href":"https:\/\/api.w.org\/{rel}","templated":true}]}}