{"id":87530,"date":"2020-06-01T13:18:04","date_gmt":"2020-06-01T17:18:04","guid":{"rendered":"https:\/\/linitiative.ca\/International\/maroc-face-un-ennemi-commun-une-prise-de-conscience-collective-se-manifeste\/"},"modified":"2020-06-01T13:18:04","modified_gmt":"2020-06-01T17:18:04","slug":"maroc-face-un-ennemi-commun-une-prise-de-conscience-collective-se-manifeste","status":"publish","type":"post","link":"https:\/\/linitiative.ca\/International\/maroc-face-un-ennemi-commun-une-prise-de-conscience-collective-se-manifeste\/","title":{"rendered":"Maroc : Face un ennemi commun, une prise de conscience collective se manifeste"},"content":{"rendered":"<div readability=\"32\">\n<p>Publi\u00e9 le 01.06.2020 \u00e0 18h18 par APA News<\/p>\n<\/div>\n<div readability=\"135\">\n<p>Par Hicham Alaoui \u2013 La solidarit\u00e9 humaine est un sentiment de responsabilit\u00e9 et de fraternit\u00e9 entre tous les \u00eatres humains. C\u2019est un comportement social marqu\u00e9 par un \u00e9lan pour agir ou pour soutenir une cause qui touche l\u2019ensemble de l\u2019humanit\u00e9 ou une population. C\u2019est ainsi une des plus importantes valeurs sociales et celle requise par excellence pour le d\u00e9veloppement durable.En effet, en ces temps de confinement, le Maroc a fait preuve d\u2019une v\u00e9ritable solidarit\u00e9 nationale face au coronavirus et mobilis\u00e9 des fonds substantiels pour att\u00e9nuer ses r\u00e9percussions \u00e9conomiques et sociales.<\/p>\n<p>Selon Mme Ait Berri Aicha, Docteure en Litt\u00e9ratures et Civilisations, l\u2019esprit de solidarit\u00e9 a toujours \u00e9t\u00e9 tr\u00e8s d\u00e9velopp\u00e9 et tr\u00e8s r\u00e9pandu au Maroc. Certes, la solidarit\u00e9 est une valeur forte quand les relations sociales sont intenses et l\u2019implication de tout un chacun est un devoir en cas de n\u00e9cessit\u00e9 qu\u2019il s\u2019agisse du soutien mat\u00e9riel ou m\u00eame du partage de la joie et de la douleur.<\/p>\n<p>D\u00e8s l\u2019apparition des premiers cas contamin\u00e9s au Coronavirus, le Maroc a pris des mesures draconiennes, paralysant bien des secteurs \u00e9conomiques importants. Il n\u2019a pas h\u00e9sit\u00e9 \u00e0 fermer les fronti\u00e8res, les \u00e9coles, les mosqu\u00e9es, les caf\u00e9s, \u00e0 \u00a0instaurer un \u00e9tat d\u2019urgence sanitaire et \u00e0 d\u00e9cr\u00e9ter un couvre-feu nocturne.<\/p>\n<p>Tr\u00e8s vite, un fonds de gestion de la lutte contre la Covid 19 a \u00e9t\u00e9 cr\u00e9\u00e9 \u00e0 l\u2019initiative du Roi Mohammed VI qui a ouvert le bal des dons, suivi par les hommes d\u2019affaires, les grandes entreprises, les salari\u00e9s \u2026 En un temps record, le plafond fix\u00e9 est largement d\u00e9pass\u00e9 , a relev\u00e9 Mme Ait Berri, pr\u00e9sidente de l\u2019association des femmes de la montagne.<\/p>\n<p>\u00ab Il est vrai que le confinement a ferm\u00e9 les portes des demeures mais il a ouvert celles des c\u0153urs. Pour parer aux besoins urgents, (bavettes, respirateurs artificiels, d\u00e9sinfectants \u2026), le Maroc n\u2019a compt\u00e9 que sur ses propres moyens, sur la g\u00e9n\u00e9rosit\u00e9 des citoyens, leur ing\u00e9niosit\u00e9 et leur volontarisme. C\u2019est ainsi que la solidarit\u00e9 s\u2019est mise en marche \u00bb, a-t-il soulign\u00e9 dans son r\u00e9cit intitul\u00e9 \u00ab Enjeux de la solidarit\u00e9 \u00bb.<\/p>\n<p>Nombreux sont ceux qui ont agi par devoir ou empathie envers les personnes en difficult\u00e9, a-t-elle fait observer, ajoutant que ce sont des sentiments nobles et naturels qui ont anim\u00e9 ces actions.<\/p>\n<p>\u00ab Les Marocains ont toujours fait montre d\u2019hospitalit\u00e9 et de solidarit\u00e9, des valeurs qui sont inh\u00e9rentes \u00e0 l\u2019honneur. C\u2019est pour eux une forme de satisfaction, de plaisir, de fiert\u00e9 qu\u2019ils ressentent quand ils viennent au secours d\u2019un autre. Cet \u00e9lan de g\u00e9n\u00e9rosit\u00e9 peut \u00eatre dict\u00e9 aussi par un sentiment de devoir moral envers les autres \u00bb, a \u00e9crit Mme Ait Berri, qui fait \u00e9galement fonction de vice-pr\u00e9sidente de l\u2019Association Oralit\u00e9 Conte pour l\u2019Amiti\u00e9, le Dialogue et le D\u00e9veloppement.<\/p>\n<p>Et d\u2019inf\u00e9rer : \u00ab devant un ennemi commun, face \u00e0 un malheur, les liens se resserrent et une prise de conscience collective se manifeste \u00bb.<\/p>\n<p>Pour elle, le probl\u00e8me de la solidarit\u00e9, parall\u00e8lement \u00e0 celui de la paix, est central. \u00ab En cette p\u00e9riode de crise sanitaire aigu\u00eb, les enjeux de coh\u00e9sion et de paix sociales sont plus forts que jamais. Il y a obligation de faire cause commune et d\u2019agir ensemble dans l\u2019int\u00e9r\u00eat g\u00e9n\u00e9ral \u00bb, a-t-elle encha\u00een\u00e9.<\/p>\n<p>En somme, cet \u00e9lan de solidarit\u00e9 sans pr\u00e9c\u00e8dent, conjugu\u00e9 au g\u00e9nie des marocains qui ont fait preuve de cr\u00e9ativit\u00e9, de g\u00e9n\u00e9rosit\u00e9, d\u2019abn\u00e9gation et dans une certaine mesure de discipline, ont permis au Royaume de r\u00e9sister et de minimiser les pertes humaines.<\/p>\n<p>Mieux encore, le Maroc peut se targuer d\u2019\u00eatre un mod\u00e8le dans la gestion de la pand\u00e9mie, s\u2019est-elle f\u00e9licit\u00e9e, soulignant l\u2019imp\u00e9ratif de tirer les le\u00e7ons de cette exp\u00e9rience in\u00e9dite pour revoir les priorit\u00e9s et envisager d\u2019autres formes de travail, d\u2019autres rapports \u00e0 la nature et une autre mani\u00e8re du vivre ensemble pour pr\u00e9parer sa r\u00e9silience.<\/p>\n<p>\u00ab Nous sommes d\u00e9pendants les uns des autres et notre salut r\u00e9side dans notre coexistence compl\u00e9mentaire et pacifique \u00bb, a conclu Mme Ait Berri, ex-inspectrice de l\u2019enseignement secondaire et auteure de nombreux articles.<\/p>\n<\/div>\n<p>Auteur: APA News<br \/>\n<a href=\"https:\/\/www.journalducameroun.com\/maroc-face-un-ennemi-commun-une-prise-de-conscience-collective-se-manifeste\/\">Cliquez ici pour lire l&rsquo;article depuis sa source.<\/a><\/p>\n","protected":false},"excerpt":{"rendered":"<p>Publi\u00e9 le 01.06.2020 \u00e0 18h18 par APA News Par Hicham Alaoui \u2013 La solidarit\u00e9 humaine est un sentiment de responsabilit\u00e9 et de fraternit\u00e9 entre tous les \u00eatres humains. C\u2019est un comportement social marqu\u00e9 par un \u00e9lan pour agir ou pour soutenir une cause qui touche l\u2019ensemble de l\u2019humanit\u00e9 ou une population. C\u2019est ainsi une des [&hellip;]<\/p>\n","protected":false},"author":1965,"featured_media":0,"comment_status":"closed","ping_status":"closed","sticky":false,"template":"","format":"standard","meta":{"fifu_image_url":"","fifu_image_alt":"","footnotes":""},"categories":[73,82],"tags":[],"class_list":["post-87530","post","type-post","status-publish","format-standard","hentry","category-actualite","category-cameroun"],"_links":{"self":[{"href":"https:\/\/linitiative.ca\/International\/wp-json\/wp\/v2\/posts\/87530","targetHints":{"allow":["GET"]}}],"collection":[{"href":"https:\/\/linitiative.ca\/International\/wp-json\/wp\/v2\/posts"}],"about":[{"href":"https:\/\/linitiative.ca\/International\/wp-json\/wp\/v2\/types\/post"}],"author":[{"embeddable":true,"href":"https:\/\/linitiative.ca\/International\/wp-json\/wp\/v2\/users\/1965"}],"replies":[{"embeddable":true,"href":"https:\/\/linitiative.ca\/International\/wp-json\/wp\/v2\/comments?post=87530"}],"version-history":[{"count":0,"href":"https:\/\/linitiative.ca\/International\/wp-json\/wp\/v2\/posts\/87530\/revisions"}],"wp:attachment":[{"href":"https:\/\/linitiative.ca\/International\/wp-json\/wp\/v2\/media?parent=87530"}],"wp:term":[{"taxonomy":"category","embeddable":true,"href":"https:\/\/linitiative.ca\/International\/wp-json\/wp\/v2\/categories?post=87530"},{"taxonomy":"post_tag","embeddable":true,"href":"https:\/\/linitiative.ca\/International\/wp-json\/wp\/v2\/tags?post=87530"}],"curies":[{"name":"wp","href":"https:\/\/api.w.org\/{rel}","templated":true}]}}