{"id":87576,"date":"2020-06-01T14:24:22","date_gmt":"2020-06-01T18:24:22","guid":{"rendered":"https:\/\/linitiative.ca\/International\/constantine-le-non-port-du-masque-une-infraction-pouvant-etre-erigee-en-delit\/"},"modified":"2020-06-01T14:24:22","modified_gmt":"2020-06-01T18:24:22","slug":"constantine-le-non-port-du-masque-une-infraction-pouvant-etre-erigee-en-delit","status":"publish","type":"post","link":"https:\/\/linitiative.ca\/International\/constantine-le-non-port-du-masque-une-infraction-pouvant-etre-erigee-en-delit\/","title":{"rendered":"Constantine: le non-port du masque, une infraction pouvant \u00eatre \u00e9rig\u00e9e en d\u00e9lit  \u00a0"},"content":{"rendered":"<div readability=\"38\">\n<p><strong>CONSTANTINE &#8211; Le non-respect du d\u00e9cret ex\u00e9cutif rendant obligatoire le port de masque de protection contre le coronavirus est une infraction qui, conform\u00e9ment au code p\u00e9nal, peut \u00eatre \u00e9rig\u00e9 en d\u00e9lit, a affirm\u00e9 lundi le procureur g\u00e9n\u00e9ral pr\u00e8s la Cour de Constantine, Lotfi Boudjem\u00e2a.<\/strong><\/p>\n<\/div>\n<div readability=\"82\">\n<p>Animant une conf\u00e9rence de presse sur les dispositions juridiques et proc\u00e9durales contenues dans les derni\u00e8res modifications du code p\u00e9nal alg\u00e9rien de certains de ses articles relatifs \u00e0 la violation des d\u00e9crets et arr\u00eat\u00e9s l\u00e9galement pris par les autorit\u00e9s administratives, notamment ceux \u00e9dict\u00e9s dans le but de pr\u00e9venir et de lutter contre la propagation du Covid-19, M. Boudjem\u00e2a a indiqu\u00e9 que \u00ab\u00a0\u2019si le non-respect des d\u00e9crets et arr\u00eat\u00e9s publi\u00e9s par l\u2019autorit\u00e9 administrative est consid\u00e9r\u00e9 comme une infraction, la mise en p\u00e9ril de la vie et de l\u2019int\u00e9grit\u00e9 physique d\u2019autrui constitue un d\u00e9lit entra\u00eenant des peines d\u2019emprisonnement et des amendes financi\u00e8res\u00a0\u00bb.<\/p>\n<blockquote readability=\"11\">\n<p><em><strong>Le procureur g\u00e9n\u00e9ral pr\u00e8s la Cour de Constantine s\u2019est ainsi r\u00e9f\u00e9r\u00e9 \u00e0 l\u2019article 290 bis publi\u00e9 au 25e num\u00e9ro du journal officiel (JO) du 29 avril 2020 qui stipule que : \u00ab\u00a0est puni d\u2019un emprisonnement de six (6) mois \u00e0 deux (2) ans et d\u2019une amende de 60.000 DA \u00e0 200.000 DA, quiconque, par la violation d\u00e9lib\u00e9r\u00e9e et manifeste d&rsquo;une obligation de prudence ou de s\u00e9curit\u00e9 \u00e9dict\u00e9e par la loi ou le r\u00e8glement, expose directement la vie d\u2019autrui ou son int\u00e9grit\u00e9 physique \u00e0 un danger\u00a0\u00bb.<\/strong><\/em><\/p>\n<\/blockquote>\n<p>\u00ab\u00a0La peine est l\u2019emprisonnement de trois (3) ans \u00e0 cinq (5) ans et l\u2019amende est de 300.000 DA \u00e0 500.000 DA, si les faits suscit\u00e9s sont commis durant les p\u00e9riodes de confinement sanitaire ou d\u2019une catastrophe naturelle, biologique ou technologique ou de toute autre calamit\u00e9\u00a0\u00bb, a-t-il expliqu\u00e9.<\/p>\n<p>De son c\u00f4t\u00e9, le procureur de la R\u00e9publique pr\u00e8s le tribunal de Constantine, Abdelfateh Kadri, est revenu sur le d\u00e9cret ex\u00e9cutif n\u00a0 20-127 du 20 mai 2020 modifiant et compl\u00e9tant le d\u00e9cret ex\u00e9cutif n\u00a0 20-70 du 24 mars 2020 fixant des mesures compl\u00e9mentaires de pr\u00e9vention et de lutte contre la propagation du coronavirus et rendant obligatoire le port du masque de protection, relevant que l\u2019article 13 bis stipule que \u00ab\u00a0le masque de protection doit \u00eatre port\u00e9 par toutes les personnes et en toutes circonstances, sur la voie et les lieux publics, sur les lieux de travail, ainsi que dans tous les espaces ouverts ou ferm\u00e9s recevant le public, notamment les institutions et administrations publiques, les services publics, les \u00e9tablissements de prestations de services et les lieux de commerce\u00a0\u00bb .<\/p>\n<blockquote readability=\"17\">\n<p><em><strong>Cette obligation, a-t-il par ailleurs affirm\u00e9, doit \u00eatre respect\u00e9e dans ces espaces, puisque les administrations peuvent faire appel \u00e0 la force publique en s\u2019appuyant sur l\u2019article 13 qui sp\u00e9cifie que \u00ab\u00a0toute administration, tout \u00e9tablissement recevant le public, ainsi que toute personne assurant une activit\u00e9 de commerce ou de prestation de ervices, sous quelque forme que ce soit, sont tenus d\u2019observer et de faire respecter l\u2019obligation du port de masque de protection, par tous les moyens, y compris en faisant appel \u00e0 la force publique\u00a0\u00bb.<\/strong><\/em><\/p>\n<\/blockquote>\n<p>Le procureur de la R\u00e9publique a \u00e9galement expliqu\u00e9 que le port du masque est obligatoire \u00e0 l\u2019int\u00e9rieur des voitures, \u00e9galement pour les mineurs, soulignant que \u00ab\u00a0sont punis d\u2019une amende de 10 000 \u00e0 20 000 DA et peuvent l\u2019\u00eatre, en outre, de l\u2019emprisonnement pendant trois (3) jours au plus, ceux qui contreviennent \u00e0 ce d\u00e9cret\u00a0\u00bb.<\/p>\n<\/div>\n<p>Auteur:<br \/>\n<a href=\"http:\/\/www.aps.dz\/regions\/105668-constantine-le-non-port-du-masque-une-infraction-pouvant-etre-erigee-en-delit\">Cliquez ici pour lire l&rsquo;article depuis sa source.<\/a><\/p>\n","protected":false},"excerpt":{"rendered":"<p>CONSTANTINE &#8211; Le non-respect du d\u00e9cret ex\u00e9cutif rendant obligatoire le port de masque de protection contre le coronavirus est une infraction qui, conform\u00e9ment au code p\u00e9nal, peut \u00eatre \u00e9rig\u00e9 en d\u00e9lit, a affirm\u00e9 lundi le procureur g\u00e9n\u00e9ral pr\u00e8s la Cour de Constantine, Lotfi Boudjem\u00e2a. Animant une conf\u00e9rence de presse sur les dispositions juridiques et proc\u00e9durales [&hellip;]<\/p>\n","protected":false},"author":1790,"featured_media":0,"comment_status":"closed","ping_status":"closed","sticky":false,"template":"","format":"standard","meta":{"fifu_image_url":"","fifu_image_alt":"","footnotes":""},"categories":[53,76],"tags":[],"class_list":["post-87576","post","type-post","status-publish","format-standard","hentry","category-algerie","category-regions"],"_links":{"self":[{"href":"https:\/\/linitiative.ca\/International\/wp-json\/wp\/v2\/posts\/87576","targetHints":{"allow":["GET"]}}],"collection":[{"href":"https:\/\/linitiative.ca\/International\/wp-json\/wp\/v2\/posts"}],"about":[{"href":"https:\/\/linitiative.ca\/International\/wp-json\/wp\/v2\/types\/post"}],"author":[{"embeddable":true,"href":"https:\/\/linitiative.ca\/International\/wp-json\/wp\/v2\/users\/1790"}],"replies":[{"embeddable":true,"href":"https:\/\/linitiative.ca\/International\/wp-json\/wp\/v2\/comments?post=87576"}],"version-history":[{"count":0,"href":"https:\/\/linitiative.ca\/International\/wp-json\/wp\/v2\/posts\/87576\/revisions"}],"wp:attachment":[{"href":"https:\/\/linitiative.ca\/International\/wp-json\/wp\/v2\/media?parent=87576"}],"wp:term":[{"taxonomy":"category","embeddable":true,"href":"https:\/\/linitiative.ca\/International\/wp-json\/wp\/v2\/categories?post=87576"},{"taxonomy":"post_tag","embeddable":true,"href":"https:\/\/linitiative.ca\/International\/wp-json\/wp\/v2\/tags?post=87576"}],"curies":[{"name":"wp","href":"https:\/\/api.w.org\/{rel}","templated":true}]}}