{"id":87580,"date":"2020-06-01T13:35:13","date_gmt":"2020-06-01T17:35:13","guid":{"rendered":"https:\/\/linitiative.ca\/International\/covid-19-434-nouvelles-guerisons-au-maroc-5-893-au-total\/"},"modified":"2020-06-01T13:35:13","modified_gmt":"2020-06-01T17:35:13","slug":"covid-19-434-nouvelles-guerisons-au-maroc-5-893-au-total","status":"publish","type":"post","link":"https:\/\/linitiative.ca\/International\/covid-19-434-nouvelles-guerisons-au-maroc-5-893-au-total\/","title":{"rendered":"Covid-19: 434 nouvelles gu\u00e9risons au Maroc, 5.893 au total"},"content":{"rendered":"<div class=\"single-featured\"><img alt=\"\" data-src=\"http:\/\/www.mapoujda.ma\/map\/uploads\/2020\/06\/7833-Bilan-FR-site-R&#xE9;gionaux-M750&#xD7;430-MAP.jpg\"\/><\/div>\n<div class=\"entry-content clearfix single-post-content\" readability=\"55\">\n<p class=\"c4\">Quatre-cent trente-quatre (434) nouveaux cas gu\u00e9ris du nouveau coronavirus (Covid-19) ont \u00e9t\u00e9 enregistr\u00e9s au Maroc jusqu\u2019\u00e0 lundi \u00e0 18h00, portant \u00e0 5.893 le nombre total des gu\u00e9risons dans le Royaume, a annonc\u00e9 le minist\u00e8re de la Sant\u00e9.<\/p>\n<p class=\"c4\">Le nombre total de morts s\u2019est maintenu \u00e0 205, aucun d\u00e9c\u00e8s n\u2019ayant \u00e9t\u00e9 recens\u00e9 ces derni\u00e8res 24 heures,\u00a0soit un taux de l\u00e9talit\u00e9 de 2,6%,\u00a0a indiqu\u00e9 Dr Mouad Mrabet, coordonnateur du Centre national des op\u00e9rations d\u2019urgence de sant\u00e9 publique au minist\u00e8re de la sant\u00e9, dans une d\u00e9claration retransmise par la MAP sur sa cha\u00eene de t\u00e9l\u00e9vision M24 et sur RIM RADIO.<\/p>\n<p class=\"c4\">Par ailleurs, 26 cas suppl\u00e9mentaires d\u2019infection ont \u00e9t\u00e9 confirm\u00e9s jusqu\u2019\u00e0 lundi \u00e0 18h00, portant \u00e0 7.833\u00a0 le nombre total des cas de contamination, alors que celui des cas exclus apr\u00e8s des r\u00e9sultats n\u00e9gatifs d\u2019analyses effectu\u00e9es au laboratoire a atteint\u00a0 213.721, a-t-il dit.<\/p>\n<\/div>\n<p>Auteur: Soufiane ELAHMAR<br \/>\n<a href=\"http:\/\/www.mapoujda.ma\/fr\/covid-19-434-nouvelles-guerisons-au-maroc-5-893-au-total\/\">Cliquez ici pour lire l&rsquo;article depuis sa source.<\/a><\/p>\n","protected":false},"excerpt":{"rendered":"<p>Quatre-cent trente-quatre (434) nouveaux cas gu\u00e9ris du nouveau coronavirus (Covid-19) ont \u00e9t\u00e9 enregistr\u00e9s au Maroc jusqu\u2019\u00e0 lundi \u00e0 18h00, portant \u00e0 5.893 le nombre total des gu\u00e9risons dans le Royaume, a annonc\u00e9 le minist\u00e8re de la Sant\u00e9. Le nombre total de morts s\u2019est maintenu \u00e0 205, aucun d\u00e9c\u00e8s n\u2019ayant \u00e9t\u00e9 recens\u00e9 ces derni\u00e8res 24 heures,\u00a0soit [&hellip;]<\/p>\n","protected":false},"author":1788,"featured_media":87581,"comment_status":"closed","ping_status":"closed","sticky":false,"template":"","format":"standard","meta":{"fifu_image_url":"","fifu_image_alt":"","footnotes":""},"categories":[54,76],"tags":[],"class_list":["post-87580","post","type-post","status-publish","format-standard","has-post-thumbnail","hentry","category-maroc","category-regions"],"_links":{"self":[{"href":"https:\/\/linitiative.ca\/International\/wp-json\/wp\/v2\/posts\/87580","targetHints":{"allow":["GET"]}}],"collection":[{"href":"https:\/\/linitiative.ca\/International\/wp-json\/wp\/v2\/posts"}],"about":[{"href":"https:\/\/linitiative.ca\/International\/wp-json\/wp\/v2\/types\/post"}],"author":[{"embeddable":true,"href":"https:\/\/linitiative.ca\/International\/wp-json\/wp\/v2\/users\/1788"}],"replies":[{"embeddable":true,"href":"https:\/\/linitiative.ca\/International\/wp-json\/wp\/v2\/comments?post=87580"}],"version-history":[{"count":0,"href":"https:\/\/linitiative.ca\/International\/wp-json\/wp\/v2\/posts\/87580\/revisions"}],"wp:featuredmedia":[{"embeddable":true,"href":"https:\/\/linitiative.ca\/International\/wp-json\/"}],"wp:attachment":[{"href":"https:\/\/linitiative.ca\/International\/wp-json\/wp\/v2\/media?parent=87580"}],"wp:term":[{"taxonomy":"category","embeddable":true,"href":"https:\/\/linitiative.ca\/International\/wp-json\/wp\/v2\/categories?post=87580"},{"taxonomy":"post_tag","embeddable":true,"href":"https:\/\/linitiative.ca\/International\/wp-json\/wp\/v2\/tags?post=87580"}],"curies":[{"name":"wp","href":"https:\/\/api.w.org\/{rel}","templated":true}]}}