{"id":87668,"date":"2020-06-03T10:39:16","date_gmt":"2020-06-03T14:39:16","guid":{"rendered":"https:\/\/linitiative.ca\/International\/lactivite-aerienne-bat-de-laile-une-baisse-de-95-du-chiffre-daffaires-de-londa\/"},"modified":"2020-06-03T10:39:16","modified_gmt":"2020-06-03T14:39:16","slug":"lactivite-aerienne-bat-de-laile-une-baisse-de-95-du-chiffre-daffaires-de-londa","status":"publish","type":"post","link":"https:\/\/linitiative.ca\/International\/lactivite-aerienne-bat-de-laile-une-baisse-de-95-du-chiffre-daffaires-de-londa\/","title":{"rendered":"L\u2019activit\u00e9 a\u00e9rienne bat de l\u2019aile : Une baisse de 9,5% du chiffre d\u2019affaires  de l\u2019ONDA"},"content":{"rendered":"<p><img decoding=\"async\" class=\"post_layout_5_img\" src=\"http:\/\/aujourdhui.ma\/wp-content\/uploads\/2020\/06\/Aeroport-ONDA.jpg\" alt=\"L&#x2019;activit&#xE9; a&#xE9;rienne bat de l&#x2019;aile : Une baisse de 9,5% du chiffre d&#x2019;affaires de l&#x2019;ONDA\"\/><\/p>\n<p><span class=\"c5\"><strong>Les a\u00e9roports du Maroc ont accueilli au premier trimestre 4,91 millions de passagers contre 5,61 millions \u00e0 la m\u00eame p\u00e9riode de l\u2019ann\u00e9e pass\u00e9e, ce qui repr\u00e9sente une baisse de 12,6%\u00a0<\/strong> <strong>en glissement annuel.<\/strong><\/span> <span id=\"more-346598\"\/><\/p>\n<p>Au moment o\u00f9 abondent sur les r\u00e9seaux sociaux les rumeurs quant \u00e0 une reprise imminente de l\u2019activit\u00e9 a\u00e9rienne, notamment \u00e0 partir du 10 juin, date pr\u00e9vue de la lev\u00e9e de l\u2019\u00e9tat d\u2019urgence sanitaire au Maroc, l\u2019Office national des a\u00e9roports (ONDA) ne d\u00e9voile aucune date ni pour les vols internes ni pour les vols externes. Contact\u00e9e par ALM, une source de l\u2019Office d\u00e9clare n\u2019avoir aucune visibilit\u00e9 sur la reprise. Cette derni\u00e8re reste, selon notre interlocuteur, tributaire de l\u2019ouverture des fronti\u00e8res a\u00e9riennes, une d\u00e9cision d\u2019ordre gouvernemental.<\/p>\n<p>Dans l\u2019attente d\u2019une date fixe, toutes les dispositions sont prises pour assurer une bonne reprise. Au niveau des a\u00e9roports nationaux, les pr\u00e9paratifs ont \u00e9t\u00e9 amorc\u00e9s pour accueillir les voyageurs dans le respect des r\u00e8gles sanitaires, notamment en termes de distanciation. Royal Air Maroc a pr\u00e9f\u00e9r\u00e9, pour sa part, maintenir le contact avec sa client\u00e8le \u00e0 travers une communication r\u00e9guli\u00e8re sur ses r\u00e9seaux sociaux.<\/p>\n<p>La derni\u00e8re en date rel\u00e8ve du mardi 2 juin. La compagnie a\u00e9rienne a annonc\u00e9 la prolongation de la validit\u00e9 des cartes Safar Flayers et miles jusqu\u2019au 31 d\u00e9cembre 2021, offrant ainsi plus de flexibilit\u00e9 \u00e0 ses voyageurs. Une annonce qui a \u00e9t\u00e9 bien accueillie par les followers. L\u2019activit\u00e9 a\u00e9rienne a \u00e9t\u00e9 la premi\u00e8re \u00e0 \u00eatre impact\u00e9e par la Covid-19. La suspension des vols et la fermeture de fronti\u00e8re ont eu de lourdes cons\u00e9quences sur l\u2019ensemble des acteurs de cet \u00e9cosyst\u00e8me. Si les compagnies a\u00e9riennes n\u2019ont toujours pas chiffr\u00e9 leurs pertes, l\u2019ONDA dresse pour sa part un bilan trimestriel terne.<br \/>\u00abCette crise sans pr\u00e9c\u00e9dent vient impacter l\u2019activit\u00e9 de l\u2019ONDA, ses revenus a\u00e9roportuaires ainsi que ceux g\u00e9n\u00e9r\u00e9s par les activit\u00e9s extra-a\u00e9ronautiques dans les diff\u00e9rents a\u00e9roports, vu que ces activit\u00e9s sont directement li\u00e9es au trafic international\u00bb, peut-on relever de la derni\u00e8re communication financi\u00e8re de l\u2019Office.<\/p>\n<p><strong>Forte r\u00e9gression des redevances a\u00e9roportuaires et de survol<\/strong><\/p>\n<p>Sur le plan op\u00e9rationnel, les indicateurs des trois premiers mois de l\u2019exercice 2020 sont dans le rouge.<br \/>On note ainsi une baisse de 9,5% du chiffres d\u2019affaires de l\u2019Office par rapport \u00e0 ce qui a \u00e9t\u00e9 r\u00e9alis\u00e9 \u00e0 la m\u00eame p\u00e9riode de l\u2019ann\u00e9e pass\u00e9e. Ce dernier a bascul\u00e9 de 1,01 milliard de dirhams \u00e0 916 millions de dirhams \u00e0 fin mars 2020.<br \/>Commentant cette contre-performance, l\u2019ONDA indique que cette baisse est marqu\u00e9e principalement par une forte r\u00e9gression des redevances de survol et des redevances a\u00e9roportuaires. Ces baisses sont \u00e9valu\u00e9es respectivement \u00e0 15% et 8%. L\u2019Office indique par ailleurs avoir r\u00e9alis\u00e9 au titre des trois premiers mois de l\u2019ann\u00e9e des investissements de l\u2019ordre de 283 millions de dirhams. Ils concernent principalement le projet de r\u00e9am\u00e9nagement et d\u2019extension de l\u2019a\u00e9rogare de Nador, le projet d\u2019installation d\u2019une station radar pour assurer le contr\u00f4le d\u2019approche de l\u2019A\u00e9roport de F\u00e8s et les travaux li\u00e9s au projet de construction d\u2019un nouveau module domestique \u00e0 l\u2019A\u00e9roport Mohammed V. Le niveau d\u2019endettement a marqu\u00e9 pour sa part une l\u00e9g\u00e8re baisse. Il s\u2019est \u00e9tabli \u00e0 4,77 milliards de dirhams, en repli de 10 millions de dirhams par rapport \u00e0 fin d\u00e9cembre 2019.<\/p>\n<p><strong>Le trafic a\u00e9rien chute de 54,6% au mois de mars<\/strong><\/p>\n<p>S\u2019agissant du trafic a\u00e9rien, l\u2019ONDA rel\u00e8ve dans ce sens une forte r\u00e9gression. Les a\u00e9roports du Maroc ont accueilli au premier trimestre 4,91 millions de passagers contre 5,61 millions \u00e0 la m\u00eame p\u00e9riode de l\u2019ann\u00e9e pass\u00e9e, ce qui repr\u00e9sente une baisse de 12,6% en glissement annuel. Ce repli s\u2019explique en effet par la suspension des vols internationaux depuis le 15 mars dernier. \u00abTandis que le trafic a\u00e9rien des deux premiers mois de l\u2019ann\u00e9e \u00e9tait en croissance de 11,6%, ce dernier a enregistr\u00e9 une chute de 54,6% courant le mois de mars\u00bb, peut-on relever de l\u2019Office. A cet effet, le mouvement avions s\u2019est affaibli.<br \/>L\u2019ONDA souligne dans ce sens une baisse de 10,9% compar\u00e9 au premier trimestre de l\u2019ann\u00e9e pr\u00e9c\u00e9dente, soit 42.949 mouvements \u00e0 fin mars contre 48.194 une ann\u00e9e plus t\u00f4t. Le tonnage fret est revenu \u00e0 21.611 tonnes, en r\u00e9gression de 4,6% par rapport au volume transport\u00e9 \u00e0 la m\u00eame p\u00e9riode de l\u2019ann\u00e9e pass\u00e9e. De m\u00eame, le trafic des avions commerciaux ayant survol\u00e9 le paysage a\u00e9rien marocain s\u2019est contract\u00e9 de 14,5% au titre des trois premiers mois de l\u2019exercice 2019.<\/p>\n<p>Auteur: Kawtar Tali<br \/>\n<a href=\"https:\/\/aujourdhui.ma\/economie\/lactivite-aerienne-bat-de-laile-une-baisse-de-95-du-chiffre-daffaires-de-londa\">Cliquez ici pour lire l&rsquo;article depuis sa source.<\/a><\/p>\n","protected":false},"excerpt":{"rendered":"<p>Les a\u00e9roports du Maroc ont accueilli au premier trimestre 4,91 millions de passagers contre 5,61 millions \u00e0 la m\u00eame p\u00e9riode de l\u2019ann\u00e9e pass\u00e9e, ce qui repr\u00e9sente une baisse de 12,6%\u00a0 en glissement annuel. Au moment o\u00f9 abondent sur les r\u00e9seaux sociaux les rumeurs quant \u00e0 une reprise imminente de l\u2019activit\u00e9 a\u00e9rienne, notamment \u00e0 partir du [&hellip;]<\/p>\n","protected":false},"author":1759,"featured_media":87669,"comment_status":"closed","ping_status":"closed","sticky":false,"template":"","format":"standard","meta":{"fifu_image_url":"","fifu_image_alt":"","footnotes":""},"categories":[73,54],"tags":[],"class_list":["post-87668","post","type-post","status-publish","format-standard","has-post-thumbnail","hentry","category-actualite","category-maroc"],"_links":{"self":[{"href":"https:\/\/linitiative.ca\/International\/wp-json\/wp\/v2\/posts\/87668","targetHints":{"allow":["GET"]}}],"collection":[{"href":"https:\/\/linitiative.ca\/International\/wp-json\/wp\/v2\/posts"}],"about":[{"href":"https:\/\/linitiative.ca\/International\/wp-json\/wp\/v2\/types\/post"}],"author":[{"embeddable":true,"href":"https:\/\/linitiative.ca\/International\/wp-json\/wp\/v2\/users\/1759"}],"replies":[{"embeddable":true,"href":"https:\/\/linitiative.ca\/International\/wp-json\/wp\/v2\/comments?post=87668"}],"version-history":[{"count":0,"href":"https:\/\/linitiative.ca\/International\/wp-json\/wp\/v2\/posts\/87668\/revisions"}],"wp:featuredmedia":[{"embeddable":true,"href":"https:\/\/linitiative.ca\/International\/wp-json\/"}],"wp:attachment":[{"href":"https:\/\/linitiative.ca\/International\/wp-json\/wp\/v2\/media?parent=87668"}],"wp:term":[{"taxonomy":"category","embeddable":true,"href":"https:\/\/linitiative.ca\/International\/wp-json\/wp\/v2\/categories?post=87668"},{"taxonomy":"post_tag","embeddable":true,"href":"https:\/\/linitiative.ca\/International\/wp-json\/wp\/v2\/tags?post=87668"}],"curies":[{"name":"wp","href":"https:\/\/api.w.org\/{rel}","templated":true}]}}