{"id":87670,"date":"2020-06-03T10:47:39","date_gmt":"2020-06-03T14:47:39","guid":{"rendered":"https:\/\/linitiative.ca\/International\/pour-vol-violation-de-letat-durgence-sanitaire-et-possession-de-drogue-six-individus-interpelles-a-marrakech\/"},"modified":"2020-06-03T10:47:39","modified_gmt":"2020-06-03T14:47:39","slug":"pour-vol-violation-de-letat-durgence-sanitaire-et-possession-de-drogue-six-individus-interpelles-a-marrakech","status":"publish","type":"post","link":"https:\/\/linitiative.ca\/International\/pour-vol-violation-de-letat-durgence-sanitaire-et-possession-de-drogue-six-individus-interpelles-a-marrakech\/","title":{"rendered":"Pour vol, violation de l\u2019\u00e9tat d\u2019urgence sanitaire et possession de drogue : Six individus interpell\u00e9s \u00e0 Marrakech"},"content":{"rendered":"<header>\n<\/header>\n<div class=\"entry-content clearfix\" readability=\"61\"><img decoding=\"async\" class=\"post_layout_5_img\" src=\"http:\/\/aujourdhui.ma\/wp-content\/uploads\/2017\/02\/comprimes-psychotropes.jpg\" alt=\"Pour vol, violation de l&#x2019;&#xE9;tat d&#x2019;urgence sanitaire et possession de drogue : Six individus interpell&#xE9;s &#xE0; Marrakech\"\/><\/p>\n<p><span class=\"c5\"><strong>Les \u00e9l\u00e9ments du service pr\u00e9fectoral de la police judiciaire de Marrakech ont proc\u00e9d\u00e9, mardi, \u00e0 l\u2019interpellation de six individus, \u00e2g\u00e9s entre 19 et 23 ans, pour leur implication pr\u00e9sum\u00e9e dans une affaire de vol d\u2019un objet saisi, violation de l\u2019\u00e9tat d\u2019urgence sanitaire et possession de drogue et de psychotropes.<\/strong><\/span><\/p>\n<p><span id=\"more-346593\"\/><br \/>L\u2019un des suspects avait \u00e9t\u00e9 interpell\u00e9 par une patrouille de la police pour violation flagrante de l\u2019\u00e9tat d\u2019urgence sanitaire dans la ville de Marrakech, indique un communiqu\u00e9 de la Direction g\u00e9n\u00e9rale de la s\u00fbret\u00e9 nationale (DGSN), pr\u00e9cisant qu\u2019au moment de son arrestation, le pr\u00e9venu avait abandonn\u00e9 la moto qu\u2019il conduisait sur la voie publique avant de prendre la fuite.<\/p>\n<p>L\u2019arrondissement de police territorialement comp\u00e9tent a ouvert une enqu\u00eate pr\u00e9liminaire au sujet de cette affaire et saisi la moto pour les besoins de l\u2019enqu\u00eate, ajoute la m\u00eame source, notant que le mis en cause avait pris possession de la moto saisie et l\u2019a cach\u00e9e dans une maison.<\/p>\n<p>Les recherches et investigations men\u00e9es ont permis d\u2019identifier et d\u2019interpeller les suspects, de r\u00e9cup\u00e9rer la moto, et de saisir une quantit\u00e9 de drogue de chira et de comprim\u00e9s psychotropes qui se trouvaient en leur possession, poursuit le communiqu\u00e9.<\/p>\n<\/div>\n<p>Auteur: ALM<br \/>\n<a href=\"https:\/\/aujourdhui.ma\/faits-divers\/pour-vol-violation-de-letat-durgence-sanitaire-et-possession-de-drogue-six-individus-interpelles-a-marrakech\">Cliquez ici pour lire l&rsquo;article depuis sa source.<\/a><\/p>\n","protected":false},"excerpt":{"rendered":"<p>Les \u00e9l\u00e9ments du service pr\u00e9fectoral de la police judiciaire de Marrakech ont proc\u00e9d\u00e9, mardi, \u00e0 l\u2019interpellation de six individus, \u00e2g\u00e9s entre 19 et 23 ans, pour leur implication pr\u00e9sum\u00e9e dans une affaire de vol d\u2019un objet saisi, violation de l\u2019\u00e9tat d\u2019urgence sanitaire et possession de drogue et de psychotropes. L\u2019un des suspects avait \u00e9t\u00e9 interpell\u00e9 [&hellip;]<\/p>\n","protected":false},"author":1759,"featured_media":87671,"comment_status":"closed","ping_status":"closed","sticky":false,"template":"","format":"standard","meta":{"fifu_image_url":"","fifu_image_alt":"","footnotes":""},"categories":[73,54],"tags":[],"class_list":["post-87670","post","type-post","status-publish","format-standard","has-post-thumbnail","hentry","category-actualite","category-maroc"],"_links":{"self":[{"href":"https:\/\/linitiative.ca\/International\/wp-json\/wp\/v2\/posts\/87670","targetHints":{"allow":["GET"]}}],"collection":[{"href":"https:\/\/linitiative.ca\/International\/wp-json\/wp\/v2\/posts"}],"about":[{"href":"https:\/\/linitiative.ca\/International\/wp-json\/wp\/v2\/types\/post"}],"author":[{"embeddable":true,"href":"https:\/\/linitiative.ca\/International\/wp-json\/wp\/v2\/users\/1759"}],"replies":[{"embeddable":true,"href":"https:\/\/linitiative.ca\/International\/wp-json\/wp\/v2\/comments?post=87670"}],"version-history":[{"count":0,"href":"https:\/\/linitiative.ca\/International\/wp-json\/wp\/v2\/posts\/87670\/revisions"}],"wp:featuredmedia":[{"embeddable":true,"href":"https:\/\/linitiative.ca\/International\/wp-json\/"}],"wp:attachment":[{"href":"https:\/\/linitiative.ca\/International\/wp-json\/wp\/v2\/media?parent=87670"}],"wp:term":[{"taxonomy":"category","embeddable":true,"href":"https:\/\/linitiative.ca\/International\/wp-json\/wp\/v2\/categories?post=87670"},{"taxonomy":"post_tag","embeddable":true,"href":"https:\/\/linitiative.ca\/International\/wp-json\/wp\/v2\/tags?post=87670"}],"curies":[{"name":"wp","href":"https:\/\/api.w.org\/{rel}","templated":true}]}}