{"id":87672,"date":"2020-06-03T10:50:28","date_gmt":"2020-06-03T14:50:28","guid":{"rendered":"https:\/\/linitiative.ca\/International\/coupes-africaines-interclubs-caf-les-differents-scenarios-pour-boucler-les-competitions\/"},"modified":"2020-06-03T10:50:28","modified_gmt":"2020-06-03T14:50:28","slug":"coupes-africaines-interclubs-caf-les-differents-scenarios-pour-boucler-les-competitions","status":"publish","type":"post","link":"https:\/\/linitiative.ca\/International\/coupes-africaines-interclubs-caf-les-differents-scenarios-pour-boucler-les-competitions\/","title":{"rendered":"Coupes africaines interclubs \u2013 CAF : Les diff\u00e9rents sc\u00e9narios pour boucler les comp\u00e9titions"},"content":{"rendered":"<header>\n<div class=\"entry-post-meta\">\n<div class=\"author-link\">Publi\u00e9 par <a itemprop=\"author\" itemscope=\"\" itemtype=\"https:\/\/schema.org\/Person\" href=\"https:\/\/aujourdhui.ma\/author\/kaid\" rel=\"author\"><span itemprop=\"name\">ALM<\/span><\/a><\/div>\n<p>Date\u00a0:<time content=\"2020-06-03T15:50:28+01:00\" class=\"entry-date updated\" datetime=\"2020-06-03T15:50:28+01:00\">juin 03, 2020<\/time><\/p>\n<div class=\"entry-cat\">dans:<a href=\"https:\/\/aujourdhui.ma\/category\/sports\" rel=\"category tag\">Sports<\/a><\/div>\n<\/div>\n<\/header>\n<div class=\"entry-content clearfix\" readability=\"66\"><img decoding=\"async\" class=\"post_layout_5_img\" src=\"http:\/\/aujourdhui.ma\/wp-content\/uploads\/2020\/06\/COUPES-CAF.jpg\" alt=\"Coupes africaines interclubs &#x2013; CAF : Les diff&#xE9;rents sc&#xE9;narios pour boucler les comp&#xE9;titions\"\/><\/p>\n<p><span class=\"c6\"><span class=\"c5\"><strong>La Conf\u00e9d\u00e9ration africaine de football envisage diff\u00e9rents sc\u00e9narios pour boucler les demi-finales et finales des Coupes d\u2019Afrique de clubs (Ligue des Champions et Coupe de la Conf\u00e9d\u00e9ration) 2019-2020 en ao\u00fbt ou en septembre.<\/strong><\/span><span id=\"more-346597\"\/><\/span><\/p>\n<p>La CAF esp\u00e8re encore pouvoir reprendre ses comp\u00e9titions cet \u00e9t\u00e9, et ce apr\u00e8s plusieurs mois d\u2019arr\u00eat li\u00e9 au coronavirus.<br \/>Au terme des r\u00e9unions tenues mardi par la commission des clubs et celle m\u00e9dicale, il a \u00e9t\u00e9 d\u00e9cid\u00e9 de mettre en place une \u00abfeuille de route pour la reprise\u00bb de ces deux comp\u00e9titions.<br \/>Dans le premier sc\u00e9nario, les demi-finales Raja Casablanca\/Zamalek et Wydad Casablanca\/Al Ahly en C1, ainsi que Pyramids FC-Horoya et RS Berkane-Hassania Agadir en C2, auraient lieu du 31 juillet au 2 ao\u00fbt (matchs aller), puis du 7 au 9 ao\u00fbt (matchs retour). Dans ce cas de figure, la finale de la Ligue des Champions se tiendrait alors le 28 ao\u00fbt et celle de la Coupe de la Conf\u00e9d\u00e9ration le 23. La deuxi\u00e8me \u00e9ventualit\u00e9 propose des demi-finales aller qui auraient lieu du 4 au 6 septembre et une manche retour pr\u00e9vue du 11 au 13 septembre, tandis que la finale de Coupe de la Conf\u00e9d\u00e9ration se disputera le 23 septembre et celle de la Ligue des champions le 25 septembre.<\/p>\n<p>Quelle que soit l\u2019option retenue, la CAF souligne qu\u2019il sera \u00e9videmment impossible de d\u00e9buter les \u00e9ditions suivantes (2020-2021) en ao\u00fbt comme c\u2019est le cas d\u2019habitude (un coup d\u2019envoi en octobre semble beaucoup plus r\u00e9aliste). Son administration propose donc plusieurs solutions pour achever les deux comp\u00e9titions en mai 2021.<\/p>\n<p>Premi\u00e8re id\u00e9e, supprimer le tour de cadrage de la Coupe de la Conf\u00e9d\u00e9ration, qui oppose les \u00e9quipes ayant franchi le premier tour \u00e0 celles qui ont \u00e9t\u00e9 \u00e9limin\u00e9es au premier tour de la Ligue des champions. \u00abCependant, cela risque d\u2019affaiblir la Coupe de la Conf\u00e9d\u00e9ration\u00bb, estime le document. Deuxi\u00e8me possibilit\u00e9, supprimer les quarts de finale des deux comp\u00e9titions. Les phases de groupes seraient certes maintenues, mais seuls les premiers de chacun des quatre groupes de quatre seraient qualifi\u00e9s. Ils iraient ainsi directement en demi-finales.<br \/>Troisi\u00e8me possibilit\u00e9 \u2013 largement inspir\u00e9e de ce qui se pratique dans d\u2019autres sports collectifs \u2013 un \u00abfinal four\u00bb serait organis\u00e9 dans un seul et m\u00eame pays. Enfin, si la CAF d\u00e9cide de disputer malgr\u00e9 tout ses comp\u00e9titions interclubs 2020-2021 dans le m\u00eame format que d\u2019habitude, il faudra sans doute organiser les finales en juin au plus t\u00f4t.<\/p>\n<\/div>\n<p>Auteur: ALM<br \/>\n<a href=\"https:\/\/aujourdhui.ma\/sports\/coupes-africaines-interclubs-caf-les-differents-scenarios-pour-boucler-les-competitions\">Cliquez ici pour lire l&rsquo;article depuis sa source.<\/a><\/p>\n","protected":false},"excerpt":{"rendered":"<p>Publi\u00e9 par ALM Date\u00a0:juin 03, 2020 dans:Sports La Conf\u00e9d\u00e9ration africaine de football envisage diff\u00e9rents sc\u00e9narios pour boucler les demi-finales et finales des Coupes d\u2019Afrique de clubs (Ligue des Champions et Coupe de la Conf\u00e9d\u00e9ration) 2019-2020 en ao\u00fbt ou en septembre. La CAF esp\u00e8re encore pouvoir reprendre ses comp\u00e9titions cet \u00e9t\u00e9, et ce apr\u00e8s plusieurs mois [&hellip;]<\/p>\n","protected":false},"author":1759,"featured_media":87673,"comment_status":"closed","ping_status":"closed","sticky":false,"template":"","format":"standard","meta":{"fifu_image_url":"","fifu_image_alt":"","footnotes":""},"categories":[73,54],"tags":[],"class_list":["post-87672","post","type-post","status-publish","format-standard","has-post-thumbnail","hentry","category-actualite","category-maroc"],"_links":{"self":[{"href":"https:\/\/linitiative.ca\/International\/wp-json\/wp\/v2\/posts\/87672","targetHints":{"allow":["GET"]}}],"collection":[{"href":"https:\/\/linitiative.ca\/International\/wp-json\/wp\/v2\/posts"}],"about":[{"href":"https:\/\/linitiative.ca\/International\/wp-json\/wp\/v2\/types\/post"}],"author":[{"embeddable":true,"href":"https:\/\/linitiative.ca\/International\/wp-json\/wp\/v2\/users\/1759"}],"replies":[{"embeddable":true,"href":"https:\/\/linitiative.ca\/International\/wp-json\/wp\/v2\/comments?post=87672"}],"version-history":[{"count":0,"href":"https:\/\/linitiative.ca\/International\/wp-json\/wp\/v2\/posts\/87672\/revisions"}],"wp:featuredmedia":[{"embeddable":true,"href":"https:\/\/linitiative.ca\/International\/wp-json\/"}],"wp:attachment":[{"href":"https:\/\/linitiative.ca\/International\/wp-json\/wp\/v2\/media?parent=87672"}],"wp:term":[{"taxonomy":"category","embeddable":true,"href":"https:\/\/linitiative.ca\/International\/wp-json\/wp\/v2\/categories?post=87672"},{"taxonomy":"post_tag","embeddable":true,"href":"https:\/\/linitiative.ca\/International\/wp-json\/wp\/v2\/tags?post=87672"}],"curies":[{"name":"wp","href":"https:\/\/api.w.org\/{rel}","templated":true}]}}