{"id":87676,"date":"2020-06-03T11:06:02","date_gmt":"2020-06-03T15:06:02","guid":{"rendered":"https:\/\/linitiative.ca\/International\/francais-de-passage-bloques-a-rabat-des-vols-a-destination-de-paris-prevus-le-9-juin\/"},"modified":"2020-06-03T11:06:02","modified_gmt":"2020-06-03T15:06:02","slug":"francais-de-passage-bloques-a-rabat-des-vols-a-destination-de-paris-prevus-le-9-juin","status":"publish","type":"post","link":"https:\/\/linitiative.ca\/International\/francais-de-passage-bloques-a-rabat-des-vols-a-destination-de-paris-prevus-le-9-juin\/","title":{"rendered":"Fran\u00e7ais de passage bloqu\u00e9s \u00e0 Rabat : Des vols \u00e0 destination de Paris pr\u00e9vus le 9 juin"},"content":{"rendered":"<header>\n<\/header>\n<div class=\"entry-content clearfix\" readability=\"56\"><img decoding=\"async\" class=\"post_layout_5_img\" src=\"http:\/\/aujourdhui.ma\/wp-content\/uploads\/2020\/06\/agadir-Franc\u0327ais-de-passage-bloque\u0301s.jpg\" alt=\"Fran&#xE7;ais de passage bloqu&#xE9;s &#xE0; Rabat : Des vols &#xE0; destination de Paris pr&#xE9;vus le 9 juin\"\/><\/p>\n<p><span class=\"c6\"><span class=\"c5\"><strong>Le rapatriement des Fran\u00e7ais bloqu\u00e9s au Maroc se poursuit. Le consulat g\u00e9n\u00e9ral de France \u00e0 Rabat a annonc\u00e9 sur son site que des vols au d\u00e9part de Casablanca et \u00e0 destination de Paris sont pr\u00e9vus le 9 juin avec les compagnies Air France et Transavia.<\/strong><\/span><span id=\"more-346591\"\/><\/span><\/p>\n<p>Cette op\u00e9ration concerne uniquement les Fran\u00e7ais de passage bloqu\u00e9s au Maroc et s\u00e9journant dans la circonscription de Rabat. \u00abLes places \u00e9tant limit\u00e9es, les personnes seront d\u00e9sign\u00e9es pour chaque vol par le consulat g\u00e9n\u00e9ral au regard de leur situation sociale, professionnelle et\/ou sanitaire.<\/p>\n<p>Chaque personne retenue sera contact\u00e9e individuellement par la compagnie a\u00e9rienne, par ordre de priorit\u00e9\u00bb, pr\u00e9cise le consulat. Pour b\u00e9n\u00e9ficier de la possibilit\u00e9 d\u2019acheter un billet sur ces vols, il faut suivre plusieurs \u00e9tapes : remplir un formulaire de demande, joindre les justificatifs demand\u00e9s et valider la demande d\u2019inscription au plus tard jeudi 4 juin \u00e0 17h00.<\/p>\n<p>La personne concern\u00e9e devra attendre l\u2019appel de la compagnie (Air France ou Transavia) sur le num\u00e9ro de t\u00e9l\u00e9phone qu\u2019elle a indiqu\u00e9, pour acheter son billet \u00e0 distance avec sa carte de cr\u00e9dit. Le consulat g\u00e9n\u00e9ral de France a indiqu\u00e9 qu\u2019il mettra \u00e0 la disposition des Fran\u00e7ais bloqu\u00e9s \u00e0 Rabat un bus pour les emmener jusqu\u2019\u00e0 l\u2019A\u00e9roport de Casablanca. L\u2019horaire du bus ainsi que le lieu de RV seront communiqu\u00e9s ult\u00e9rieurement par le consulat.<\/p>\n<\/div>\n<p>Auteur: ALM<br \/>\n<a href=\"https:\/\/aujourdhui.ma\/societe\/francais-de-passage-bloques-a-rabat-des-vols-a-destination-de-paris-prevus-le-9-juin\">Cliquez ici pour lire l&rsquo;article depuis sa source.<\/a><\/p>\n","protected":false},"excerpt":{"rendered":"<p>Le rapatriement des Fran\u00e7ais bloqu\u00e9s au Maroc se poursuit. Le consulat g\u00e9n\u00e9ral de France \u00e0 Rabat a annonc\u00e9 sur son site que des vols au d\u00e9part de Casablanca et \u00e0 destination de Paris sont pr\u00e9vus le 9 juin avec les compagnies Air France et Transavia. Cette op\u00e9ration concerne uniquement les Fran\u00e7ais de passage bloqu\u00e9s au [&hellip;]<\/p>\n","protected":false},"author":1759,"featured_media":87677,"comment_status":"closed","ping_status":"closed","sticky":false,"template":"","format":"standard","meta":{"fifu_image_url":"","fifu_image_alt":"","footnotes":""},"categories":[73,54],"tags":[],"class_list":["post-87676","post","type-post","status-publish","format-standard","has-post-thumbnail","hentry","category-actualite","category-maroc"],"_links":{"self":[{"href":"https:\/\/linitiative.ca\/International\/wp-json\/wp\/v2\/posts\/87676","targetHints":{"allow":["GET"]}}],"collection":[{"href":"https:\/\/linitiative.ca\/International\/wp-json\/wp\/v2\/posts"}],"about":[{"href":"https:\/\/linitiative.ca\/International\/wp-json\/wp\/v2\/types\/post"}],"author":[{"embeddable":true,"href":"https:\/\/linitiative.ca\/International\/wp-json\/wp\/v2\/users\/1759"}],"replies":[{"embeddable":true,"href":"https:\/\/linitiative.ca\/International\/wp-json\/wp\/v2\/comments?post=87676"}],"version-history":[{"count":0,"href":"https:\/\/linitiative.ca\/International\/wp-json\/wp\/v2\/posts\/87676\/revisions"}],"wp:featuredmedia":[{"embeddable":true,"href":"https:\/\/linitiative.ca\/International\/wp-json\/"}],"wp:attachment":[{"href":"https:\/\/linitiative.ca\/International\/wp-json\/wp\/v2\/media?parent=87676"}],"wp:term":[{"taxonomy":"category","embeddable":true,"href":"https:\/\/linitiative.ca\/International\/wp-json\/wp\/v2\/categories?post=87676"},{"taxonomy":"post_tag","embeddable":true,"href":"https:\/\/linitiative.ca\/International\/wp-json\/wp\/v2\/tags?post=87676"}],"curies":[{"name":"wp","href":"https:\/\/api.w.org\/{rel}","templated":true}]}}