{"id":87678,"date":"2020-06-03T10:50:53","date_gmt":"2020-06-03T14:50:53","guid":{"rendered":"https:\/\/linitiative.ca\/International\/poutine-aura-bien-sa-reforme-constitutionnelle\/"},"modified":"2020-06-03T10:50:53","modified_gmt":"2020-06-03T14:50:53","slug":"poutine-aura-bien-sa-reforme-constitutionnelle","status":"publish","type":"post","link":"https:\/\/linitiative.ca\/International\/poutine-aura-bien-sa-reforme-constitutionnelle\/","title":{"rendered":"Poutine aura bien sa r\u00e9forme constitutionnelle\u2026"},"content":{"rendered":"<p class=\"has-text-color c2\"><strong>\u00abNous organiserons le vote national russe sur l\u2019adoption des r\u00e9visions de la Constitution le 1<\/strong><sup><strong>er<\/strong><\/sup><strong>\u00a0Juillet 2020\u00bb a d\u00e9clar\u00e9, ce lundi, le Pr\u00e9sident russe Vladimir Poutine \u00e0 l\u2019issue d\u2019une r\u00e9union tenue en visioconf\u00e9rence avec des responsables de diff\u00e9rents d\u00e9partements minist\u00e9riels et des milieux sanitaires et municipaux afin de s\u2019assurer que rien ne s\u2019opposerait \u00e0 la tenue de ce scrutin.<\/strong><\/p>\n<p>Bien qu\u2019apr\u00e8s avoir d\u00e9j\u00e0 \u00e9t\u00e9 valid\u00e9e par les deux chambres du Parlement, cette r\u00e9forme visant \u00e0 lui ouvrir la voie pour deux mandats suppl\u00e9mentaires n\u2019a plus besoin d\u2019\u00eatre ent\u00e9rin\u00e9e par les urnes, Vladimir Poutine avait voulu, tout de m\u00eame, la soumettre au verdict de ses compatriotes le 1<sup>er<\/sup>\u00a0Avril dernier en promettant de ne pas la mettre en \u0153uvre si les russes venaient \u00e0 s\u2019 y opposer\u00a0\u00a0\u2013 un sc\u00e9nario hautement improbable \u2013 mais la pand\u00e9mie du Covid-19 s\u2019\u00e9tait interpos\u00e9e et il fut oblig\u00e9 de la reporter.<\/p>\n<p>La situation sanitaire du pays s\u2019\u00e9tant nettement am\u00e9lior\u00e9e apr\u00e8s \u00ab\u00a0le passage\u00a0du pic \u00e9pid\u00e9mique \u00bb la semaine derni\u00e8re et la capitale russe s\u2019appr\u00eatant \u00e0 rouvrir ses commerces ferm\u00e9s depuis deux mois, le pr\u00e9sident Poutine a annonc\u00e9 que le 24 Juin se tiendra le grand d\u00e9fil\u00e9 militaire \u2013 du 9 mai report\u00e9 du fait de la pand\u00e9mie \u2013 comm\u00e9morant la victoire de l\u2019arm\u00e9e sovi\u00e9tique sur l\u2019arm\u00e9e nazi et constituant, pour le patron du Kremlin, une aubaine d\u00e8s lors qu\u2019il lui permet de montrer, aux chefs d\u2019Etat et de gouvernements, convi\u00e9s pour l\u2019occasion, que la Russie a retrouv\u00e9 toute sa puissance d\u2019antan en d\u00e9pit des multiples \u00ab\u00a0sanctions am\u00e9ricaines\u00a0\u00bb qui la frappent.<\/p>\n<p>Si donc, dans ses grandes lignes, la r\u00e9forme constitutionnelle propos\u00e9e aux russes renforce les pr\u00e9rogatives pr\u00e9sidentielles et introduit un salaire minimum garanti, elle permettra, \u00e9galement, \u00e0 Poutine \u2013 qui a 67 ans et qui est \u00e0 la t\u00eate du pays depuis 2000 \u2013 de postuler pour deux nouveaux mandats donc d\u2019essayer de se maintenir au pouvoir jusqu\u2019en 2036 quand il aura atteint l\u2019\u00e2ge honorable de 85 ans.<\/p>\n<p>S\u2019agissant de la nomination du gouvernement, les pouvoirs du pr\u00e9sident seront renforc\u00e9s puisqu\u2019il aura, d\u00e9sormais, le droit de dissoudre le Parlement si celui-ci refuse trois fois de suite la d\u00e9signation d\u2019un ministre ou d\u2019un vice-ministre alors qu\u2019actuellement cette possibilit\u00e9 ne concernait que la candidature du Premier ministre. Autre nouveaut\u00e9, le pr\u00e9sident pourra nommer lui-m\u00eame de nombreux juges, le procureur g\u00e9n\u00e9ral et ses adjoints alors que jusqu\u2019\u00e0 pr\u00e9sent tous cette pr\u00e9rogative \u00e9tait de la comp\u00e9tence de la chambre haute du Parlement et, last but not least et non des moindres, le r\u00f4le du Conseil d\u2019Etat sera renforc\u00e9 \u00e0 telle enseigne qu\u2019il pourrait pr\u00e9server l\u2019influence de Vladimir Poutine s\u2019il en devient pr\u00e9sident m\u00eame si ce dernier venait \u00e0 quitter le Kremlin.<\/p>\n<p>Dans le nouveau texte constitutionnel il sera bien pr\u00e9cis\u00e9 que le mariage est un acte exclusif entre deux personnes de sexes diff\u00e9rents d\u2019o\u00f9 l\u2019inconstitutionnalit\u00e9 des mariages homosexuels qui n\u2019ont jamais \u00e9t\u00e9 autoris\u00e9s par Moscou et, enfin, que la Crim\u00e9e est un territoire qui est russe et qui le restera.<\/p>\n<p>Avec la nouvelle Constitution, la long\u00e9vit\u00e9 pr\u00e9sidentielle de Vladimir Poutine, 36 ann\u00e9es, surpassera-t-elle les 30 ans que Saline a pass\u00e9 \u00e0 la t\u00eate de l\u2019Union Sovi\u00e9tique\u00a0? Attendons pour voir\u2026<\/p>\n<p class=\"c3\">Nabil El Bousaadi<\/p>\n<p>Auteur: M&rsquo;hammed rahal<br \/>\n<a href=\"http:\/\/albayane.press.ma\/poutine-aura-bien-sa-reforme-constitutionnelle.html\">Cliquez ici pour lire l&rsquo;article depuis sa source.<\/a><\/p>\n","protected":false},"excerpt":{"rendered":"<p>\u00abNous organiserons le vote national russe sur l\u2019adoption des r\u00e9visions de la Constitution le 1er\u00a0Juillet 2020\u00bb a d\u00e9clar\u00e9, ce lundi, le Pr\u00e9sident russe Vladimir Poutine \u00e0 l\u2019issue d\u2019une r\u00e9union tenue en visioconf\u00e9rence avec des responsables de diff\u00e9rents d\u00e9partements minist\u00e9riels et des milieux sanitaires et municipaux afin de s\u2019assurer que rien ne s\u2019opposerait \u00e0 la tenue [&hellip;]<\/p>\n","protected":false},"author":1760,"featured_media":0,"comment_status":"closed","ping_status":"closed","sticky":false,"template":"","format":"standard","meta":{"fifu_image_url":"","fifu_image_alt":"","footnotes":""},"categories":[73,54],"tags":[],"class_list":["post-87678","post","type-post","status-publish","format-standard","hentry","category-actualite","category-maroc"],"_links":{"self":[{"href":"https:\/\/linitiative.ca\/International\/wp-json\/wp\/v2\/posts\/87678","targetHints":{"allow":["GET"]}}],"collection":[{"href":"https:\/\/linitiative.ca\/International\/wp-json\/wp\/v2\/posts"}],"about":[{"href":"https:\/\/linitiative.ca\/International\/wp-json\/wp\/v2\/types\/post"}],"author":[{"embeddable":true,"href":"https:\/\/linitiative.ca\/International\/wp-json\/wp\/v2\/users\/1760"}],"replies":[{"embeddable":true,"href":"https:\/\/linitiative.ca\/International\/wp-json\/wp\/v2\/comments?post=87678"}],"version-history":[{"count":0,"href":"https:\/\/linitiative.ca\/International\/wp-json\/wp\/v2\/posts\/87678\/revisions"}],"wp:attachment":[{"href":"https:\/\/linitiative.ca\/International\/wp-json\/wp\/v2\/media?parent=87678"}],"wp:term":[{"taxonomy":"category","embeddable":true,"href":"https:\/\/linitiative.ca\/International\/wp-json\/wp\/v2\/categories?post=87678"},{"taxonomy":"post_tag","embeddable":true,"href":"https:\/\/linitiative.ca\/International\/wp-json\/wp\/v2\/tags?post=87678"}],"curies":[{"name":"wp","href":"https:\/\/api.w.org\/{rel}","templated":true}]}}