{"id":87679,"date":"2020-06-03T10:58:20","date_gmt":"2020-06-03T14:58:20","guid":{"rendered":"https:\/\/linitiative.ca\/International\/eaux-minerales-doulmes-lactivite-maintenue-grace-a-bahia\/"},"modified":"2020-06-03T10:58:20","modified_gmt":"2020-06-03T14:58:20","slug":"eaux-minerales-doulmes-lactivite-maintenue-grace-a-bahia","status":"publish","type":"post","link":"https:\/\/linitiative.ca\/International\/eaux-minerales-doulmes-lactivite-maintenue-grace-a-bahia\/","title":{"rendered":"Eaux Min\u00e9rales d\u2019Oulm\u00e8s: l\u2019activit\u00e9 maintenue gr\u00e2ce \u00e0 Bahia"},"content":{"rendered":"<p class=\"c2\"><strong>Kaoutar Khennach<\/strong><\/p>\n<p class=\"has-text-color c3\"><strong>La soci\u00e9t\u00e9 des Eaux Min\u00e9rales d\u2019Oulm\u00e8s a publi\u00e9 des indicateurs financiers au titre du premier trimestre de l\u2019ann\u00e9e en cours. Il en ressort une hausse des revenus malgr\u00e9 que l\u2019activit\u00e9 ait \u00e9t\u00e9 att\u00e9nu\u00e9e par la crise sanitaire du Covid-19 qui a entra\u00een\u00e9 d\u2019une part la fermeture des caf\u00e9s, h\u00f4tels, restaurants et plusieurs points de ventes. D\u00e9tails.<\/strong><\/p>\n<p>En effet, le groupe a r\u00e9alis\u00e9, sur les trois premiers mois de l\u2019ann\u00e9e 2020, un chiffre d\u2019affaires en croissance de 6% par rapport \u00e0 la m\u00eame p\u00e9riode de l\u2019ann\u00e9e pr\u00e9c\u00e9dente, pour s\u2019\u00e9tablir \u00e0 358 millions de DH. \u00ab\u00a0Cette performance commerciale a \u00e9t\u00e9 rendue possible gr\u00e2ce aux efforts en mati\u00e8re de distribution ainsi qu\u2019\u00e0 la mise en service des usines de production de l\u2019Eau Bahia \u00e0 l\u2019Oriental et au Sud qui ont permis de gagner en agilit\u00e9 et en productivit\u00e9\u00a0\u00bb,explique l\u2019entreprise.<\/p>\n<p>N\u00e9anmoins, l\u2019activit\u00e9 du premier trimestre a \u00e9t\u00e9 att\u00e9nu\u00e9e par la crise sanitaire du Covid-19 qui a entra\u00een\u00e9 d\u2019une part la fermeture des caf\u00e9s, h\u00f4tels, restaurants et plusieurs points de ventes et d\u2019autre part un changement des habitudes de consommation des m\u00e9nages suite \u00e0 la baisse de leur pouvoir d\u2019achat.<\/p>\n<p>Face \u00e0 la crise sanitaire, le groupe indique que \u00abLes Eaux Min\u00e9rales d\u2019Oulm\u00e8s comme plusieurs entreprises dans le monde a mis en \u0153uvre un Plan de Continuit\u00e9 visant \u00e0 pr\u00e9server le rythme d\u2019activit\u00e9 de la soci\u00e9t\u00e9 tout en veillant \u00e0 la protection de la sant\u00e9 et la s\u00e9curit\u00e9 de ses collaborateurs, ses clients et ses prestataires\u00bb.<\/p>\n<p>Ainsi, plusieurs actions ont \u00e9t\u00e9 engag\u00e9es, notamment la mise en place du t\u00e9l\u00e9travail pour les postes dont la pr\u00e9sence physique n\u2019est pas obligatoire, la constitution d\u2019une cellule de gestion de crise pour garantir le respect des dispositifs communiqu\u00e9s par les pouvoirs publics, le d\u00e9ploiement de campagnes de sensibilisation, la mise en place de la distanciation sociale ainsi que des protocoles de s\u00e9curit\u00e9 sur l\u2019ensemble des sites de production et des centres de distribution.<\/p>\n<p>Conform\u00e9ment \u00e0 son budget, les Eaux Min\u00e9rales d\u2019Oulm\u00e8s a r\u00e9alis\u00e9 des d\u00e9penses d\u2019investissement de 46 millions de DH en hausse de 28% par rapport \u00e0 la m\u00eame p\u00e9riode de l\u2019ann\u00e9e derni\u00e8re, selon la m\u00eame source, notant que ces d\u00e9penses ont concern\u00e9 la mise \u00e0 niveau de l\u2019outil de production, l\u2019am\u00e9lioration de la productivit\u00e9 et l\u2019extension des capacit\u00e9s logistiques.<\/p>\n<p>Le niveau d\u2019endettement de l\u2019entreprise demeure, pour sa part, stable par rapport au 1er trimestre 2019 et s\u2019\u00e9tablit \u00e0 1.157 millions DH au 31 mars 2020. L\u2019emprunt obligataire de 300 millions DH r\u00e9alis\u00e9 fin 2019 a permis de restructurer la dette et d\u2019att\u00e9nuer le poids des charges financi\u00e8res, pr\u00e9cise la soci\u00e9t\u00e9.<\/p>\n<p>Auteur: M&rsquo;hammed rahal<br \/>\n<a href=\"http:\/\/albayane.press.ma\/eaux-minerales-doulmes-lactivite-maintenue-grace-a-bahia.html\">Cliquez ici pour lire l&rsquo;article depuis sa source.<\/a><\/p>\n","protected":false},"excerpt":{"rendered":"<p>Kaoutar Khennach La soci\u00e9t\u00e9 des Eaux Min\u00e9rales d\u2019Oulm\u00e8s a publi\u00e9 des indicateurs financiers au titre du premier trimestre de l\u2019ann\u00e9e en cours. Il en ressort une hausse des revenus malgr\u00e9 que l\u2019activit\u00e9 ait \u00e9t\u00e9 att\u00e9nu\u00e9e par la crise sanitaire du Covid-19 qui a entra\u00een\u00e9 d\u2019une part la fermeture des caf\u00e9s, h\u00f4tels, restaurants et plusieurs points [&hellip;]<\/p>\n","protected":false},"author":1760,"featured_media":0,"comment_status":"closed","ping_status":"closed","sticky":false,"template":"","format":"standard","meta":{"fifu_image_url":"","fifu_image_alt":"","footnotes":""},"categories":[73,54],"tags":[],"class_list":["post-87679","post","type-post","status-publish","format-standard","hentry","category-actualite","category-maroc"],"_links":{"self":[{"href":"https:\/\/linitiative.ca\/International\/wp-json\/wp\/v2\/posts\/87679","targetHints":{"allow":["GET"]}}],"collection":[{"href":"https:\/\/linitiative.ca\/International\/wp-json\/wp\/v2\/posts"}],"about":[{"href":"https:\/\/linitiative.ca\/International\/wp-json\/wp\/v2\/types\/post"}],"author":[{"embeddable":true,"href":"https:\/\/linitiative.ca\/International\/wp-json\/wp\/v2\/users\/1760"}],"replies":[{"embeddable":true,"href":"https:\/\/linitiative.ca\/International\/wp-json\/wp\/v2\/comments?post=87679"}],"version-history":[{"count":0,"href":"https:\/\/linitiative.ca\/International\/wp-json\/wp\/v2\/posts\/87679\/revisions"}],"wp:attachment":[{"href":"https:\/\/linitiative.ca\/International\/wp-json\/wp\/v2\/media?parent=87679"}],"wp:term":[{"taxonomy":"category","embeddable":true,"href":"https:\/\/linitiative.ca\/International\/wp-json\/wp\/v2\/categories?post=87679"},{"taxonomy":"post_tag","embeddable":true,"href":"https:\/\/linitiative.ca\/International\/wp-json\/wp\/v2\/tags?post=87679"}],"curies":[{"name":"wp","href":"https:\/\/api.w.org\/{rel}","templated":true}]}}