{"id":87691,"date":"2020-06-03T10:34:00","date_gmt":"2020-06-03T14:34:00","guid":{"rendered":"https:\/\/linitiative.ca\/International\/brahim-laalami-de-nouveau-en-prison\/"},"modified":"2020-06-03T10:34:00","modified_gmt":"2020-06-03T14:34:00","slug":"brahim-laalami-de-nouveau-en-prison","status":"publish","type":"post","link":"https:\/\/linitiative.ca\/International\/brahim-laalami-de-nouveau-en-prison\/","title":{"rendered":"Brahim Laalami de nouveau en prison"},"content":{"rendered":"<div id=\"originalText\" readability=\"65\">\n<p>Laalami Chems Eddine, dit Brahim, a \u00e9t\u00e9 plac\u00e9 sous mandat de d\u00e9p\u00f4t, ce mercredi, par le tribunal\u00a0de Bordj Bou Arreridj, selon le vice-pr\u00e9sident de LADDH, Sa\u00efd Salhi, qui a relay\u00e9 l&rsquo;information sur son compte Facebook, en attendant\u00a0\u00a0<\/p>\n<p>Arr\u00eat\u00e9 hier, dans\u00a0l&rsquo;apr\u00e8s midi, devant la Cour de Bordj Bou Arreridj, \u00ab\u00a0alors qu&rsquo;il voulait d\u00e9poser une r\u00e9clamation sur les policiers qui l&rsquo;ont interpell\u00e9 au moment o\u00f9 il distribuait des couffins (aides aux familles n\u00e9cessiteuses)\u00a0\u00bb, Brahim Laalami a \u00e9t\u00e9 maintenu \u00ab\u00a0en garde \u00e0 vue\u00a0\u00bb au commissariat central,\u00a0avant d&rsquo;\u00eatre pr\u00e9sent\u00e9 ce matin devant le procureur de la r\u00e9publique, selon le comit\u00e9 national pour la lib\u00e9ration des d\u00e9tenus (CNLD).\u00a0<\/p>\n<p>Pour rappel, le jeune activiste a \u00e9t\u00e9 emprisonn\u00e9 une premi\u00e8re fois avant le d\u00e9but du hirak, pour avoir brandi une pancarte contre le cinqui\u00e8me mandat du Pr\u00e9sident d\u00e9chu Abdelaziz Bouteflika. Il a \u00e9t\u00e9 ensuite rel\u00e2ch\u00e9 avant d&rsquo;\u00eatre de nouveau arr\u00eat\u00e9 et incarc\u00e9r\u00e9 en novembre 2019.\u00a0<\/p>\n<p>Acquitt\u00e9 en\u00a0 avril dernier, Brahim Laalami, dont le proc\u00e8s est fix\u00e9 le 18 juin prochain, retrouve ainsi pour la troisi\u00e8me fois la prison.\u00a0<\/p>\n<p class=\"c6\"><strong>R\u00e9daction Web\u00a0<\/strong><\/p>\n<\/div>\n<div id=\"text_core\" readability=\"65\">\n<p>Laalami Chems Eddine, dit Brahim, a \u00e9t\u00e9 plac\u00e9 sous mandat de d\u00e9p\u00f4t, ce mercredi, par le tribunal\u00a0de Bordj Bou Arreridj, selon le vice-pr\u00e9sident de LADDH, Sa\u00efd Salhi, qui a relay\u00e9 l&rsquo;information sur son compte Facebook, en attendant\u00a0\u00a0<\/p>\n<p>Arr\u00eat\u00e9 hier, dans\u00a0l&rsquo;apr\u00e8s midi, devant la Cour de Bordj Bou Arreridj, \u00ab\u00a0alors qu&rsquo;il voulait d\u00e9poser une r\u00e9clamation sur les policiers qui l&rsquo;ont interpell\u00e9 au moment o\u00f9 il distribuait des couffins (aides aux familles n\u00e9cessiteuses)\u00a0\u00bb, Brahim Laalami a \u00e9t\u00e9 maintenu \u00ab\u00a0en garde \u00e0 vue\u00a0\u00bb au commissariat central,\u00a0avant d&rsquo;\u00eatre pr\u00e9sent\u00e9 ce matin devant le procureur de la r\u00e9publique, selon le comit\u00e9 national pour la lib\u00e9ration des d\u00e9tenus (CNLD).\u00a0<\/p>\n<p>Pour rappel, le jeune activiste a \u00e9t\u00e9 emprisonn\u00e9 une premi\u00e8re fois avant le d\u00e9but du hirak, pour avoir brandi une pancarte contre le cinqui\u00e8me mandat du Pr\u00e9sident d\u00e9chu Abdelaziz Bouteflika. Il a \u00e9t\u00e9 ensuite rel\u00e2ch\u00e9 avant d&rsquo;\u00eatre de nouveau arr\u00eat\u00e9 et incarc\u00e9r\u00e9 en novembre 2019.\u00a0<\/p>\n<p>Acquitt\u00e9 en\u00a0 avril dernier, Brahim Laalami, dont le proc\u00e8s est fix\u00e9 le 18 juin prochain, retrouve ainsi pour la troisi\u00e8me fois la prison.\u00a0<\/p>\n<p class=\"c6\"><strong>R\u00e9daction Web\u00a0<\/strong><\/p>\n<\/div>\n<p>Auteur:<br \/>\n<a href=\"https:\/\/www.liberte-algerie.com\/actualite\/brahim-laalami-de-nouveau-en-prison-339602\">Cliquez ici pour lire l&rsquo;article depuis sa source.<\/a><\/p>\n","protected":false},"excerpt":{"rendered":"<p>Laalami Chems Eddine, dit Brahim, a \u00e9t\u00e9 plac\u00e9 sous mandat de d\u00e9p\u00f4t, ce mercredi, par le tribunal\u00a0de Bordj Bou Arreridj, selon le vice-pr\u00e9sident de LADDH, Sa\u00efd Salhi, qui a relay\u00e9 l&rsquo;information sur son compte Facebook, en attendant\u00a0\u00a0 Arr\u00eat\u00e9 hier, dans\u00a0l&rsquo;apr\u00e8s midi, devant la Cour de Bordj Bou Arreridj, \u00ab\u00a0alors qu&rsquo;il voulait d\u00e9poser une r\u00e9clamation sur [&hellip;]<\/p>\n","protected":false},"author":1742,"featured_media":0,"comment_status":"closed","ping_status":"closed","sticky":false,"template":"","format":"standard","meta":{"fifu_image_url":"","fifu_image_alt":"","footnotes":""},"categories":[73,53],"tags":[],"class_list":["post-87691","post","type-post","status-publish","format-standard","hentry","category-actualite","category-algerie"],"_links":{"self":[{"href":"https:\/\/linitiative.ca\/International\/wp-json\/wp\/v2\/posts\/87691","targetHints":{"allow":["GET"]}}],"collection":[{"href":"https:\/\/linitiative.ca\/International\/wp-json\/wp\/v2\/posts"}],"about":[{"href":"https:\/\/linitiative.ca\/International\/wp-json\/wp\/v2\/types\/post"}],"author":[{"embeddable":true,"href":"https:\/\/linitiative.ca\/International\/wp-json\/wp\/v2\/users\/1742"}],"replies":[{"embeddable":true,"href":"https:\/\/linitiative.ca\/International\/wp-json\/wp\/v2\/comments?post=87691"}],"version-history":[{"count":0,"href":"https:\/\/linitiative.ca\/International\/wp-json\/wp\/v2\/posts\/87691\/revisions"}],"wp:attachment":[{"href":"https:\/\/linitiative.ca\/International\/wp-json\/wp\/v2\/media?parent=87691"}],"wp:term":[{"taxonomy":"category","embeddable":true,"href":"https:\/\/linitiative.ca\/International\/wp-json\/wp\/v2\/categories?post=87691"},{"taxonomy":"post_tag","embeddable":true,"href":"https:\/\/linitiative.ca\/International\/wp-json\/wp\/v2\/tags?post=87691"}],"curies":[{"name":"wp","href":"https:\/\/api.w.org\/{rel}","templated":true}]}}