{"id":87711,"date":"2020-06-03T10:30:00","date_gmt":"2020-06-03T14:30:00","guid":{"rendered":"https:\/\/linitiative.ca\/International\/aujourdhui-la-reprise-avec-un-effectif-de-37-joueurs\/"},"modified":"2020-06-03T10:30:00","modified_gmt":"2020-06-03T14:30:00","slug":"aujourdhui-la-reprise-avec-un-effectif-de-37-joueurs","status":"publish","type":"post","link":"https:\/\/linitiative.ca\/International\/aujourdhui-la-reprise-avec-un-effectif-de-37-joueurs\/","title":{"rendered":"Aujourd\u2019hui, la reprise avec un effectif de 37 joueurs"},"content":{"rendered":"<p class=\"p1 c3\"><span class=\"c2\">Apr\u00e8s plus de deux mois de repos forc\u00e9 d\u00fb \u00e0 la pand\u00e9mie du coronavirus, le CSS reprend cet apr\u00e8s midi du service. Mais la s\u00e9ance\u00a0de cet apr\u00e8s midi qui d\u00e9butera\u00a0vers 16h servira de pr\u00e9lude pour l\u2019entame \u00e9ffective de la pr\u00e9paration pr\u00e9vue demain \u00e0 la m\u00eame heure sur la pelouse annexe du stade Mhiri. Pour cette premi\u00e8re phase des pr\u00e9paratifs en pr\u00e9vision de la reprise du championnat qui le mettra le 2 ao\u00fbt prochain au stade Nejib Khattab de Tataouine \u00e0 l\u2019Union Sportive locale et de la super coupe contre l\u2019Esp\u00e9rance de Tunis le septembre, fix\u00e9e comme au 27 septembre prochain, l\u2019entra\u00eeneur Fethi Jbal a convoqu\u00e9 les 37 joueurs suivants:<\/span><\/p>\n<p class=\"p1 c3\"><span class=\"c2\"><strong>&#8211; Gardiens de but<\/strong>: <em>Aymen Dahmen, Sabri Ben Hassine, Mohamed Hedi Gaaloul<\/em><\/span><\/p>\n<p class=\"p1 c3\"><span class=\"c2\"><strong>-D\u00e9fenseurs:<\/strong> <em>Nessim Hnid, H\u00e9ni Amamou, Hamza Methlouthi, Nour Zamen Zammouri, Mohamed Ali jouini, Houssam Dagdoug, Houssein Essayed, Ayoumb Labidi, Alaa Ghram Mourad Ben Youn\u00e9s, Hamdi Sellami, Mohamed Amine Hamrouni<\/em><\/span><\/p>\n<p class=\"p1 c3\"><span class=\"c2\"><strong>-Milieux de terrain:<\/strong> <em>Brahima Tindia, Walid Karoui, Habib Ouslati, Azmi Ghouma, Hamza Jlassi, Rachid A\u00eft Otman,Chris Kouakou, Kingsley Sokari, Abdallah Amri,Achraf Habbassi Mihoub A\u00eft MrabetMohamed Islam Bakir, Nabi Kamara, Aymen Harzi, Houssam Ben Ali, Jassem Hamdouni, Naby Camara, Abdallah Amri, Mohamed Ali Trabelsi\u00a0<\/em><\/span><\/p>\n<p class=\"p1 c3\"><span class=\"c2\"><strong>Attaquants:<\/strong> <em>Alaeddine Marzouki, Kingsley Uduwo, Zakaria Ben Cha\u00e2, Osmane Camara<\/em><\/span><\/p>\n<p class=\"p2 c4\"><span class=\"c2\"><strong>Un premier tri \u00e0 l\u2019issue de la premi\u00e8re \u00e9tape des pr\u00e9paratifs<\/strong><\/span><\/p>\n<p class=\"p1 c3\"><span class=\"c2\">A l\u2019issue du premier volet de la pr\u00e9paration qui s\u2019\u00e9talera sur une dizaine de jour l\u2019entra\u00eeneur \u00abNoir et Blanc\u00bb effectuera un tri au sein de l\u2019effectif de d\u00e9part pour retenir les 28 joueurs qui seront appel\u00e9s \u00e0 poursuivre la pr\u00e9paration qui sera effectu\u00e9es sur la base d\u2019un protocolaire sanitaire de distanciation tr\u00e8s strict, tel qu\u2019il a \u00e9t\u00e9 fix\u00e9 par la F\u00e9d\u00e9ration Tunisienne de Football. Parmi ces mesures, l\u2019on citera notamment la no utilisation des vestiaires par les joueurs, le d\u00e9roulement en solitaire des entra\u00eenements pendant les premiers jours puis en petits groupes de 6 joueurs chacun.<\/span><\/p>\n<p class=\"p1 c3\"><span class=\"c2\">Notons, par ailleurs, que le pr\u00e9sident du club, Moncef Khemakhem et celui de la section de football, Moez Mzstiri, se sont r\u00e9unis samedi dernier avec les membres des staffs technique et m\u00e9dical pour dresser les grandes lignes du programme de la pr\u00e9paration, stages et matches amicaux compris.<\/span><\/p>\n<p class=\"p3 c5\"><span class=\"c2\"><strong>Chaouat et Moncer avec l\u2019\u00e9quipe B<\/strong><\/span><\/p>\n<p class=\"p1 c3\"><span class=\"c2\">Bien qu\u2019ils soient en fin de pr\u00eat, Firas Chaouat (venant de Nadi Abha saoudien) et Mohamed Ali Moncer de retour de Nadi Al Mouharrak bahrini ne pourront renforcer les rangs de leur \u00e9quipe qu\u2019\u00e0 partir de la prochaine saison (2020-2021).\u00a0 Ne pouvant pas donc entrer dans les calculs de Fethi Jbal, ils ont\u00a0 \u00e9t\u00e9 invit\u00e9s \u00e0 s\u2019entra\u00eener avec l\u2019\u00e9quipe B.<\/span><\/p>\n<p class=\"p4 c6\">\u00a0<\/p>\n<p class=\"p5 c7\"><span class=\"c2\"><strong>Ameur KERKENNI<\/strong><\/span><\/p>\n<p>Auteur: letemps1<br \/>\n<a href=\"http:\/\/www.letemps.com.tn\/article\/114385\/aujourd%E2%80%99hui-la-reprise-avec-un-effectif-de-37-joueurs\">Cliquez ici pour lire l&rsquo;article depuis sa source.<\/a><\/p>\n","protected":false},"excerpt":{"rendered":"<p>Apr\u00e8s plus de deux mois de repos forc\u00e9 d\u00fb \u00e0 la pand\u00e9mie du coronavirus, le CSS reprend cet apr\u00e8s midi du service. Mais la s\u00e9ance\u00a0de cet apr\u00e8s midi qui d\u00e9butera\u00a0vers 16h servira de pr\u00e9lude pour l\u2019entame \u00e9ffective de la pr\u00e9paration pr\u00e9vue demain \u00e0 la m\u00eame heure sur la pelouse annexe du stade Mhiri. Pour cette [&hellip;]<\/p>\n","protected":false},"author":1773,"featured_media":0,"comment_status":"closed","ping_status":"closed","sticky":false,"template":"","format":"standard","meta":{"fifu_image_url":"","fifu_image_alt":"","footnotes":""},"categories":[73,55],"tags":[],"class_list":["post-87711","post","type-post","status-publish","format-standard","hentry","category-actualite","category-tunisie"],"_links":{"self":[{"href":"https:\/\/linitiative.ca\/International\/wp-json\/wp\/v2\/posts\/87711","targetHints":{"allow":["GET"]}}],"collection":[{"href":"https:\/\/linitiative.ca\/International\/wp-json\/wp\/v2\/posts"}],"about":[{"href":"https:\/\/linitiative.ca\/International\/wp-json\/wp\/v2\/types\/post"}],"author":[{"embeddable":true,"href":"https:\/\/linitiative.ca\/International\/wp-json\/wp\/v2\/users\/1773"}],"replies":[{"embeddable":true,"href":"https:\/\/linitiative.ca\/International\/wp-json\/wp\/v2\/comments?post=87711"}],"version-history":[{"count":0,"href":"https:\/\/linitiative.ca\/International\/wp-json\/wp\/v2\/posts\/87711\/revisions"}],"wp:attachment":[{"href":"https:\/\/linitiative.ca\/International\/wp-json\/wp\/v2\/media?parent=87711"}],"wp:term":[{"taxonomy":"category","embeddable":true,"href":"https:\/\/linitiative.ca\/International\/wp-json\/wp\/v2\/categories?post=87711"},{"taxonomy":"post_tag","embeddable":true,"href":"https:\/\/linitiative.ca\/International\/wp-json\/wp\/v2\/tags?post=87711"}],"curies":[{"name":"wp","href":"https:\/\/api.w.org\/{rel}","templated":true}]}}