{"id":87712,"date":"2020-06-03T10:35:00","date_gmt":"2020-06-03T14:35:00","guid":{"rendered":"https:\/\/linitiative.ca\/International\/ou-est-passe-la-neutralite-legendaire-de-la-tunisie\/"},"modified":"2020-06-03T10:35:00","modified_gmt":"2020-06-03T14:35:00","slug":"ou-est-passe-la-neutralite-legendaire-de-la-tunisie","status":"publish","type":"post","link":"https:\/\/linitiative.ca\/International\/ou-est-passe-la-neutralite-legendaire-de-la-tunisie\/","title":{"rendered":"O\u00f9 est pass\u00e9 la neutralit\u00e9 l\u00e9gendaire de la Tunisie?"},"content":{"rendered":"<p class=\"p1 c3\"><span class=\"c2\"><strong><em>Dans le conflit libyen, comme d\u2019ailleurs, dans tout autre conflit, la Tunisie a, de tous temps, privil\u00e9gi\u00e9 la neutralit\u00e9, afin de ne pas \u00eatre prise dans la tenaille des tiraillements dans des probl\u00e8mes o\u00f9 tout parti-pris apporte des probl\u00e8mes et risque de nous faire des ennemis, ce qui n\u2019est aucunement, dans notre int\u00e9r\u00eat. La sagesse aurait recommand\u00e9, pourtant, d\u2019observer une neutralit\u00e9 \u00e0 toute \u00e9preuve, comme l\u2019Etat tunisien avait su le faire, dans le pass\u00e9, que ce soit avec le leader Habib Bourguiba, ou \u00e0 un degr\u00e9 moindre, avec Zine El Abidine Ben Ali.<\/em><\/strong><\/span><\/p>\n<p class=\"p1 c4\"><span class=\"c2\"><strong><em>Ces derniers jours, avec un d\u00e9but mal\u00e9fique du chef du mouvement Ennahdha \u2013soit dit en passant qui n\u2019a pas pu, encore s\u2019accommoder avec le costume de pr\u00e9sident de l\u2019Assembl\u00e9e des repr\u00e9sentant du peuple (ARP) qui semble \u00eatre loin de sa taille habituelle- qui a pris, bien s\u00fbr, parie pour le gouvernement Sarraj, d\u00e9fendu par l\u2019axe Qatar\/Turquie. Mais, voil\u00e0 que la situation s\u2019embrase avec les forces am\u00e9ricaines, cens\u00e9es \u00ab \u00eatre en Tunisie, pour des questions de formation \u00bb qui menace d\u2019intervenir en Libye, bien s\u00fbr avec cette Tunisie qui les accueillies, comme base des op\u00e9rations\u2026 Et, bing ! Voil\u00e0 que le pays est dans un tourbillon qui n\u2019augure rien de bon, parce qu\u2019une prise de position pour le gouvernement Sarraj contre Khalifa Haftar, soutenu par la Russie et l\u2019autre axe, Arabie saoudite\/Emirats arabes unis, ou vice-versa, n\u2019apportera rien de bon.<\/em><\/strong><\/span><\/p>\n<p class=\"p1 c4\"><span class=\"c2\"><strong><em>Pourtant, la sagesse recommandait de ne pas prendre position pour n\u2019importe quelle partie, dans ce conflit fratricide, surtout que nous accueillons des Libyens des deux bords, et que la neutralit\u00e9 est la voix de la raison, afin de ne pas ternir les relations avec ce pays fr\u00e8re voisin avec qui nous avons des liens s\u00e9culaires d\u2019amiti\u00e9 et, m\u00eame de parent\u00e9.<\/em><\/strong><\/span><\/p>\n<p class=\"p1 c4\"><span class=\"c2\"><strong><em>C\u2019est un autre m\u00e9fait que nous a foment\u00e9 le mouvement islamiste qui ne voit que ses propres int\u00e9r\u00eats, surtout que le gouvernement Sarraj comprend de nombreux partisans de son orientation id\u00e9ologique.<\/em><\/strong><\/span><\/p>\n<p class=\"p1 c4\"><span class=\"c2\"><strong><em>Tirant la sonnette d\u2019alarme, -bien qu\u2019il ne soit pas le premier- le Courant Populaire n\u2019a pas \u00e9t\u00e9 du reste et a d\u00e9nonc\u00e9 lundi ce qu&rsquo;il nomme \u00ab\u00a0l&rsquo;initiative am\u00e9ricaine dangereuse \u00a0\u00bb relative \u00e0 la possibilit\u00e9 de d\u00e9ployer des forces sur le territoire tunisien.<\/em><\/strong><\/span><\/p>\n<p class=\"p1 c4\"><span class=\"c2\"><strong><em>\u00ab\u00a0Cette \u00e9tape am\u00e9ricaine constitue une violation criante de la souverainet\u00e9 de la Tunisie et l&rsquo;implique dans des conflits internationaux et r\u00e9gionaux bouillonnants\u00a0\u00bb, estime le Courant Populaire.<\/em><\/strong><\/span><\/p>\n<p class=\"p1 c4\"><span class=\"c2\"><strong><em>Le parti d\u00e9nonce l&rsquo;impudence et l&rsquo;arrogance avec lesquelles les Etats-Unis traitent les pays qu&rsquo;ils estiment \u00eatre leur espace vital pour mener ses guerres et ses interventions et perp\u00e9tuer ainsi son h\u00e9g\u00e9monie sur le monde.<\/em><\/strong><\/span><\/p>\n<p class=\"p1 c4\"><span class=\"c2\"><strong><em>Pour sa part, le mouvement \u00ab\u00a0Echa\u00e2b\u00a0\u00bb a \u00ab\u00a0mis en garde les parties politiques tunisiennes ayant affich\u00e9 leur alignement avec l&rsquo;un des antagonistes libyens ou approuv\u00e9 une intervention militaire \u00e9trang\u00e8re sur le territoire libyen et tout ce que cela impliquerait en terme de soutien logistique \u00e0 partir des territoires tunisiens\u00a0\u00bb.<\/em><\/strong><\/span><\/p>\n<p class=\"p1 c4\"><span class=\"c2\"><strong><em>\u00ab\u00a0La question touche d\u00e9sormais \u00e0 l&rsquo;ind\u00e9pendance de la Tunisie et \u00e0 sa souverainet\u00e9 territoriale et la repr\u00e9sente en tant que partie prenante dans l&rsquo;agression contre nos fr\u00e8res libyens\u00a0\u00bb, indique le parti dans une d\u00e9claration rendue publique lundi.<\/em><\/strong><\/span><\/p>\n<p class=\"p1 c4\"><span class=\"c2\"><strong><em>Le mouvement Echa\u00e2b y exprime son refus total de toute pr\u00e9sence militaire \u00e9trang\u00e8re en Tunisie sous n&rsquo;importe quel pr\u00e9texte.<\/em><\/strong><\/span><\/p>\n<p class=\"p1 c4\"><span class=\"c2\"><strong><em>\u00ab\u00a0Toute pr\u00e9sence militaire \u00e9trang\u00e8re est une forme d&rsquo;agression au vrai sens du mot non seulement contre la Libye, mais aussi contre le peuple tunisien\u00a0\u00bb, estime le parti.<\/em><\/strong><\/span><\/p>\n<p class=\"p1 c4\"><span class=\"c2\"><strong><em>Il a soulign\u00e9, \u00e0 cet effet, l&rsquo;importance du r\u00f4le du pr\u00e9sident de la R\u00e9publique Ka\u00efs Sa\u00efed et l&rsquo;urgence de prendre la bonne d\u00e9cision qui consiste \u00e0 pr\u00e9server la souverainet\u00e9 nationale de l&rsquo;Etat tunisien et le refus de toute forme de pr\u00e9sence militaire \u00e9trang\u00e8re sur l&rsquo;ensemble du territoire tunisien.<\/em><\/strong><\/span><\/p>\n<p class=\"p1 c4\"><span class=\"c2\"><strong><em>La situation n\u2019est pas vraiment rose et elle n\u2019augure rien de bon, parce qu\u2019au lieu de calmer les esprits de nos fr\u00e8res libyens et de les appeler au dialogue, certaines parties malfaisantes veulent m\u00ealer la Tunisie que \u00e0 cet embrasement, m\u00eame au risque de transporter cette guerre fratricide \u00e0 l\u2019int\u00e9rieur de nos fronti\u00e8res, ce qui fera l\u2019affaire des \u00e2mes malintentionn\u00e9es qui veulent s\u2019accaparer le pouvoir.<\/em><\/strong><\/span><\/p>\n<p class=\"p1 c4\"><span class=\"c2\"><strong><em>Entretemps, et durant ces dix derni\u00e8res ann\u00e9es, nous n\u2019avons plus une politique \u00e9trang\u00e8re digne de ce nom, et ce n\u2019est pas fortuit, mais bien orchestr\u00e9 et bien programm\u00e9, pour conduire le pays vers le d\u00e9sastre, sur tous les plans. Pourtant, la Tunisie \u00e9tait respect\u00e9e par tout le monde, dans le pass\u00e9, pour sa neutralit\u00e9 l\u00e9gendaire qui ne lui avait fait que des amis.<\/em><\/strong><\/span><\/p>\n<p class=\"p1 c4\"><span class=\"c2\"><strong><em>Et, maintenant que la situation s\u2019est tellement envenim\u00e9e, le pr\u00e9sident de la R\u00e9publique Ka\u00efs Sa\u00efed va-t-il sortir de son mutisme et de ses sous-entendus, pour s\u2019attaquer directement \u00e0 cette question qui fait partie de ses pr\u00e9rogatives ?<\/em><\/strong><\/span><\/p>\n<p class=\"p1 c3\">\u00a0<\/p>\n<p class=\"p2 c5\"><span class=\"c2\"><strong>Faouzi SNOUSSI<\/strong><\/span><\/p>\n<p>Auteur: letemps1<br \/>\n<a href=\"http:\/\/www.letemps.com.tn\/article\/114387\/o%C3%B9-est-pass%C3%A9-la-neutralit%C3%A9-l%C3%A9gendaire-de-la-tunisie\">Cliquez ici pour lire l&rsquo;article depuis sa source.<\/a><\/p>\n","protected":false},"excerpt":{"rendered":"<p>Dans le conflit libyen, comme d\u2019ailleurs, dans tout autre conflit, la Tunisie a, de tous temps, privil\u00e9gi\u00e9 la neutralit\u00e9, afin de ne pas \u00eatre prise dans la tenaille des tiraillements dans des probl\u00e8mes o\u00f9 tout parti-pris apporte des probl\u00e8mes et risque de nous faire des ennemis, ce qui n\u2019est aucunement, dans notre int\u00e9r\u00eat. La sagesse [&hellip;]<\/p>\n","protected":false},"author":1773,"featured_media":0,"comment_status":"closed","ping_status":"closed","sticky":false,"template":"","format":"standard","meta":{"fifu_image_url":"","fifu_image_alt":"","footnotes":""},"categories":[73,55],"tags":[],"class_list":["post-87712","post","type-post","status-publish","format-standard","hentry","category-actualite","category-tunisie"],"_links":{"self":[{"href":"https:\/\/linitiative.ca\/International\/wp-json\/wp\/v2\/posts\/87712","targetHints":{"allow":["GET"]}}],"collection":[{"href":"https:\/\/linitiative.ca\/International\/wp-json\/wp\/v2\/posts"}],"about":[{"href":"https:\/\/linitiative.ca\/International\/wp-json\/wp\/v2\/types\/post"}],"author":[{"embeddable":true,"href":"https:\/\/linitiative.ca\/International\/wp-json\/wp\/v2\/users\/1773"}],"replies":[{"embeddable":true,"href":"https:\/\/linitiative.ca\/International\/wp-json\/wp\/v2\/comments?post=87712"}],"version-history":[{"count":0,"href":"https:\/\/linitiative.ca\/International\/wp-json\/wp\/v2\/posts\/87712\/revisions"}],"wp:attachment":[{"href":"https:\/\/linitiative.ca\/International\/wp-json\/wp\/v2\/media?parent=87712"}],"wp:term":[{"taxonomy":"category","embeddable":true,"href":"https:\/\/linitiative.ca\/International\/wp-json\/wp\/v2\/categories?post=87712"},{"taxonomy":"post_tag","embeddable":true,"href":"https:\/\/linitiative.ca\/International\/wp-json\/wp\/v2\/tags?post=87712"}],"curies":[{"name":"wp","href":"https:\/\/api.w.org\/{rel}","templated":true}]}}