{"id":87714,"date":"2020-06-03T10:38:00","date_gmt":"2020-06-03T14:38:00","guid":{"rendered":"https:\/\/linitiative.ca\/International\/des-habitants-de-tinbib-reclament-des-solutions\/"},"modified":"2020-06-03T10:38:00","modified_gmt":"2020-06-03T14:38:00","slug":"des-habitants-de-tinbib-reclament-des-solutions","status":"publish","type":"post","link":"https:\/\/linitiative.ca\/International\/des-habitants-de-tinbib-reclament-des-solutions\/","title":{"rendered":"Des habitants de Tinbib r\u00e9clament des solutions"},"content":{"rendered":"<p class=\"p2 c3\"><span class=\"c2\"><strong><em>Les habitants de la localit\u00e9 de Tinbib, relevant de la d\u00e9l\u00e9gation de K\u00e9bili-Nord ont observ\u00e9, hier, un rassemblement de protestation devant le si\u00e8ge du gouvernorat de K\u00e9bili pour r\u00e9clamer des solutions aux probl\u00e8mes d&rsquo;hygi\u00e8ne, apr\u00e8s l&rsquo;apparition de cas de fi\u00e8vre typho\u00efde.<\/em><\/strong><\/span><\/p>\n<p class=\"p2 c3\"><span class=\"c2\"><strong><em>Sidhom Sidhom, l&rsquo;un des protestataires, p\u00e8re de deux enfants souffrant de fi\u00e8vre typho\u00efde, a indiqu\u00e9 que les promesses faites, lors des multiples rencontres des responsables r\u00e9gionaux avec les habitants de Tinbib, n&rsquo;ont pas eu de suite.<\/em><\/strong><\/span><\/p>\n<p class=\"p2 c3\"><span class=\"c2\"><strong><em>Il appelle \u00e0 la vaccination de tous les habitants contre la fi\u00e8vre typho\u00efde pour arr\u00eater la propagation de la maladie, estimant que l&rsquo;accumulation des eaux de drainage dans les oasis, l&rsquo;amoncellement des d\u00e9chets domestiques et la pollution de l&rsquo;eau courante sont les causes de l&rsquo;\u00e9mergence de telles infections.<\/em><\/strong><\/span><\/p>\n<p class=\"p2 c3\"><span class=\"c2\"><strong><em>Le nombre de personnes, actuellement, hospitalis\u00e9es \u00e0 cause de la fi\u00e8vre typho\u00efde ne d\u00e9passe par cinq cas, tous des adultes, pr\u00e9cise Mokni.<\/em><\/strong><\/span><\/p>\n<p>Auteur: letemps1<br \/>\n<a href=\"http:\/\/www.letemps.com.tn\/article\/114389\/des-habitants-de-tinbib-r%C3%A9clament-des-solutions\">Cliquez ici pour lire l&rsquo;article depuis sa source.<\/a><\/p>\n","protected":false},"excerpt":{"rendered":"<p>Les habitants de la localit\u00e9 de Tinbib, relevant de la d\u00e9l\u00e9gation de K\u00e9bili-Nord ont observ\u00e9, hier, un rassemblement de protestation devant le si\u00e8ge du gouvernorat de K\u00e9bili pour r\u00e9clamer des solutions aux probl\u00e8mes d&rsquo;hygi\u00e8ne, apr\u00e8s l&rsquo;apparition de cas de fi\u00e8vre typho\u00efde. Sidhom Sidhom, l&rsquo;un des protestataires, p\u00e8re de deux enfants souffrant de fi\u00e8vre typho\u00efde, a [&hellip;]<\/p>\n","protected":false},"author":1773,"featured_media":0,"comment_status":"closed","ping_status":"closed","sticky":false,"template":"","format":"standard","meta":{"fifu_image_url":"","fifu_image_alt":"","footnotes":""},"categories":[73,55],"tags":[],"class_list":["post-87714","post","type-post","status-publish","format-standard","hentry","category-actualite","category-tunisie"],"_links":{"self":[{"href":"https:\/\/linitiative.ca\/International\/wp-json\/wp\/v2\/posts\/87714","targetHints":{"allow":["GET"]}}],"collection":[{"href":"https:\/\/linitiative.ca\/International\/wp-json\/wp\/v2\/posts"}],"about":[{"href":"https:\/\/linitiative.ca\/International\/wp-json\/wp\/v2\/types\/post"}],"author":[{"embeddable":true,"href":"https:\/\/linitiative.ca\/International\/wp-json\/wp\/v2\/users\/1773"}],"replies":[{"embeddable":true,"href":"https:\/\/linitiative.ca\/International\/wp-json\/wp\/v2\/comments?post=87714"}],"version-history":[{"count":0,"href":"https:\/\/linitiative.ca\/International\/wp-json\/wp\/v2\/posts\/87714\/revisions"}],"wp:attachment":[{"href":"https:\/\/linitiative.ca\/International\/wp-json\/wp\/v2\/media?parent=87714"}],"wp:term":[{"taxonomy":"category","embeddable":true,"href":"https:\/\/linitiative.ca\/International\/wp-json\/wp\/v2\/categories?post=87714"},{"taxonomy":"post_tag","embeddable":true,"href":"https:\/\/linitiative.ca\/International\/wp-json\/wp\/v2\/tags?post=87714"}],"curies":[{"name":"wp","href":"https:\/\/api.w.org\/{rel}","templated":true}]}}