{"id":87715,"date":"2020-06-03T10:39:00","date_gmt":"2020-06-03T14:39:00","guid":{"rendered":"https:\/\/linitiative.ca\/International\/reouverture-des-mosquees-aujourdhui\/"},"modified":"2020-06-03T10:39:00","modified_gmt":"2020-06-03T14:39:00","slug":"reouverture-des-mosquees-aujourdhui","status":"publish","type":"post","link":"https:\/\/linitiative.ca\/International\/reouverture-des-mosquees-aujourdhui\/","title":{"rendered":"R\u00e9ouverture des mosqu\u00e9es, aujourd\u2019hui"},"content":{"rendered":"<p class=\"p1 c3\"><span class=\"c2\"><strong><em>Quelque 6124 mosqu\u00e9es vont rouvrir, \u00e0 partir d\u2019aujourd\u2019hui, dans toute la R\u00e9publique, apr\u00e8s plus de deux mois de fermeture, en raison de la pand\u00e9mie de nouveau coronavirus.<\/em><\/strong><\/span><\/p>\n<p class=\"p1 c3\"><span class=\"c2\"><strong><em>\u00a0\u00bb Environ 20500 cadres religieux s\u2019emploieront \u00e0 appliquer, strictement, le protocole sanitaire relatif aux mosqu\u00e9es et lieux de culte pour garantir les meilleures conditions du retour des fid\u00e8les \u00ab\u00a0, a indiqu\u00e9, le ministre des Affaires religieuses Ahmed Adhoum dans une interview accord\u00e9 mardi \u00e0 Tap.<\/em><\/strong><\/span><\/p>\n<p class=\"p1 c3\"><span class=\"c2\"><strong><em>Pour lui, le succ\u00e8s du protocole sanitaire relatif aux mosqu\u00e9es est tributaire du degr\u00e9 de conscience dont feront preuve les Tunisiens.<\/em><\/strong><\/span><\/p>\n<p class=\"p1 c3\"><span class=\"c2\"><strong><em>Le ministre appel\u00e9 les fid\u00e8les \u00e0 respecter les consignes et mesures de pr\u00e9caution prises \u00e0 cet effet, ajoutant que toute mosqu\u00e9e sera imm\u00e9diatement ferm\u00e9e, en cas d\u2019enregistrement de cas d\u2019infection au coronavirus.<\/em><\/strong><\/span><\/p>\n<p class=\"p1 c3\"><span class=\"c2\"><strong><em>Sur un autre plan, le ministre a soulign\u00e9 que le port des masques est obligatoire dans les mosqu\u00e9es, ajoutant que les cadres religieux pourraient emp\u00eacher tout fid\u00e8le d\u2019y acc\u00e9der sans bavette.<\/em><\/strong><\/span><\/p>\n<p class=\"p1 c3\"><span class=\"c2\"><strong><em>Selon le ministre, la mise en \u0153uvre du protocole sanitaire relatif aux mosqu\u00e9es est le fruit d\u2019un grand travail accompli par le minist\u00e8re de la sant\u00e9 avec le concours des syndicats des Imams et l\u2019Association des imams et pr\u00e9dicateurs.<\/em><\/strong><\/span><\/p>\n<p class=\"p1 c3\"><span class=\"c2\"><strong><em>Sur un autre plan, le ministre a indiqu\u00e9 qu\u2019il a \u00e9t\u00e9 convenu de fermer les espaces d&rsquo;ablutions dans les mosqu\u00e9es et d\u2019interdire l\u2019usage des livres coraniques&#8230; pour enrayer toute propagation de la pand\u00e9mie de Covid-19.<\/em><\/strong><\/span><\/p>\n<p class=\"p1 c3\"><span class=\"c2\"><strong><em>Adhoum a invit\u00e9 les fid\u00e8les \u00e0 respecter les mesures de distanciation physique apr\u00e8s la r\u00e9ouverture des mosqu\u00e9es et \u00e0 utiliser fr\u00e9quemment le hall des lieux de culte pour effectuer la pri\u00e8re.<\/em><\/strong><\/span><\/p>\n<p>Auteur: letemps1<br \/>\n<a href=\"http:\/\/www.letemps.com.tn\/article\/114390\/r%C3%A9ouverture-des-mosqu%C3%A9es-aujourd%E2%80%99hui\">Cliquez ici pour lire l&rsquo;article depuis sa source.<\/a><\/p>\n","protected":false},"excerpt":{"rendered":"<p>Quelque 6124 mosqu\u00e9es vont rouvrir, \u00e0 partir d\u2019aujourd\u2019hui, dans toute la R\u00e9publique, apr\u00e8s plus de deux mois de fermeture, en raison de la pand\u00e9mie de nouveau coronavirus. \u00a0\u00bb Environ 20500 cadres religieux s\u2019emploieront \u00e0 appliquer, strictement, le protocole sanitaire relatif aux mosqu\u00e9es et lieux de culte pour garantir les meilleures conditions du retour des fid\u00e8les [&hellip;]<\/p>\n","protected":false},"author":1773,"featured_media":0,"comment_status":"closed","ping_status":"closed","sticky":false,"template":"","format":"standard","meta":{"fifu_image_url":"","fifu_image_alt":"","footnotes":""},"categories":[73,55],"tags":[],"class_list":["post-87715","post","type-post","status-publish","format-standard","hentry","category-actualite","category-tunisie"],"_links":{"self":[{"href":"https:\/\/linitiative.ca\/International\/wp-json\/wp\/v2\/posts\/87715","targetHints":{"allow":["GET"]}}],"collection":[{"href":"https:\/\/linitiative.ca\/International\/wp-json\/wp\/v2\/posts"}],"about":[{"href":"https:\/\/linitiative.ca\/International\/wp-json\/wp\/v2\/types\/post"}],"author":[{"embeddable":true,"href":"https:\/\/linitiative.ca\/International\/wp-json\/wp\/v2\/users\/1773"}],"replies":[{"embeddable":true,"href":"https:\/\/linitiative.ca\/International\/wp-json\/wp\/v2\/comments?post=87715"}],"version-history":[{"count":0,"href":"https:\/\/linitiative.ca\/International\/wp-json\/wp\/v2\/posts\/87715\/revisions"}],"wp:attachment":[{"href":"https:\/\/linitiative.ca\/International\/wp-json\/wp\/v2\/media?parent=87715"}],"wp:term":[{"taxonomy":"category","embeddable":true,"href":"https:\/\/linitiative.ca\/International\/wp-json\/wp\/v2\/categories?post=87715"},{"taxonomy":"post_tag","embeddable":true,"href":"https:\/\/linitiative.ca\/International\/wp-json\/wp\/v2\/tags?post=87715"}],"curies":[{"name":"wp","href":"https:\/\/api.w.org\/{rel}","templated":true}]}}