{"id":87716,"date":"2020-06-03T15:13:40","date_gmt":"2020-06-03T19:13:40","guid":{"rendered":"https:\/\/linitiative.ca\/International\/international-riyad-mahrez-revient-sur-ses-debuts-compliques-avec-manchester-city\/"},"modified":"2020-06-03T15:13:40","modified_gmt":"2020-06-03T19:13:40","slug":"international-riyad-mahrez-revient-sur-ses-debuts-compliques-avec-manchester-city","status":"publish","type":"post","link":"https:\/\/linitiative.ca\/International\/international-riyad-mahrez-revient-sur-ses-debuts-compliques-avec-manchester-city\/","title":{"rendered":"International : Riyad Mahrez revient sur ses d\u00e9buts compliqu\u00e9s avec Manchester City"},"content":{"rendered":"<div readability=\"32\">\n<p>Auteur : <span class=\"time\">mercredi 03 juin 2020 12:15<\/span><\/p>\n<\/div>\n<div id=\"post_core\" readability=\"53\">\n<p>L&rsquo;international alg\u00e9rien reconna\u00eet qu&rsquo;il n&rsquo;a pas r\u00e9pondu aux attentes\u00a0au cours de ses premiers mois \u00e0 l&rsquo;Etihad, mais dit qu&rsquo;il a progressivement repris confiance apr\u00e8s une p\u00e9riode d&rsquo;adaptation \u00ab\u00a0difficile\u00a0\u00bb.\u00a0\u00ab\u00a0Je n&rsquo;ai pas fait de diff\u00e9rence aussi vite qu&rsquo;ils pensaient que j&rsquo;allais faire\u00a0\u00bb, a d\u00e9clar\u00e9 Mahrez \u00e0 Sky Sports.\u00a0\u00ab\u00a0Donc, \u00e9videmment, ils n&rsquo;ont pas le temps de me donner du temps parce que nous sommes 20 joueurs dans l&rsquo;effectif, avec les meilleurs joueurs du monde\u00a0\u00bb.<\/p>\n<p>\u00ab\u00a0J&rsquo;\u00e9tais sur le banc et les autres joueurs \u00e9taient performants, donc j&rsquo;ai eu du mal \u00e0 revenir. Puis, plus \u00e0 la fin de la saison, je suis revenu, j&rsquo;ai bien jou\u00e9 et j&rsquo;ai\u00a0commenc\u00e9\u00a0cette saison diff\u00e9remment.\u00a0Maintenant, quand il m&rsquo;a fait jou\u00e9, je jouais, donc la confiance est l\u00e0\u00a0\u00bb, a ajout\u00e9 l&rsquo;Alg\u00e9rien comme le rapporte Goal. Riyad\u00a0Mahrez et le reste de l&rsquo;\u00e9quipe de Manchester City\u00a0ont repris l&rsquo;entra\u00eenement de contact complet au d\u00e9but du mois avant le red\u00e9marrage de la Premier League le 17 juin.<\/p>\n<p><strong>Publi\u00e9 dans :<\/strong> <span>Mahrez<\/span><\/p>\n<\/div>\n<p>Auteur:<br \/>\n<a href=\"http:\/\/www.lebuteur.com\/article\/detail?titre=riyad-mahrez-revient-sur-ses-debuts-compliques-avec-manchester-city&#038;id=96144&#038;utm_source=feedburner&#038;utm_medium=feed&#038;utm_campaign=Feed%3A+GalerieFArtciles+%28Les+derniers+articles++-+lebuteur.com%29\">Cliquez ici pour lire l&rsquo;article depuis sa source.<\/a><\/p>\n","protected":false},"excerpt":{"rendered":"<p>Auteur : mercredi 03 juin 2020 12:15 L&rsquo;international alg\u00e9rien reconna\u00eet qu&rsquo;il n&rsquo;a pas r\u00e9pondu aux attentes\u00a0au cours de ses premiers mois \u00e0 l&rsquo;Etihad, mais dit qu&rsquo;il a progressivement repris confiance apr\u00e8s une p\u00e9riode d&rsquo;adaptation \u00ab\u00a0difficile\u00a0\u00bb.\u00a0\u00ab\u00a0Je n&rsquo;ai pas fait de diff\u00e9rence aussi vite qu&rsquo;ils pensaient que j&rsquo;allais faire\u00a0\u00bb, a d\u00e9clar\u00e9 Mahrez \u00e0 Sky Sports.\u00a0\u00ab\u00a0Donc, \u00e9videmment, ils [&hellip;]<\/p>\n","protected":false},"author":1738,"featured_media":87717,"comment_status":"closed","ping_status":"closed","sticky":false,"template":"","format":"standard","meta":{"fifu_image_url":"","fifu_image_alt":"","footnotes":""},"categories":[53,75],"tags":[],"class_list":["post-87716","post","type-post","status-publish","format-standard","has-post-thumbnail","hentry","category-algerie","category-sport"],"_links":{"self":[{"href":"https:\/\/linitiative.ca\/International\/wp-json\/wp\/v2\/posts\/87716","targetHints":{"allow":["GET"]}}],"collection":[{"href":"https:\/\/linitiative.ca\/International\/wp-json\/wp\/v2\/posts"}],"about":[{"href":"https:\/\/linitiative.ca\/International\/wp-json\/wp\/v2\/types\/post"}],"author":[{"embeddable":true,"href":"https:\/\/linitiative.ca\/International\/wp-json\/wp\/v2\/users\/1738"}],"replies":[{"embeddable":true,"href":"https:\/\/linitiative.ca\/International\/wp-json\/wp\/v2\/comments?post=87716"}],"version-history":[{"count":0,"href":"https:\/\/linitiative.ca\/International\/wp-json\/wp\/v2\/posts\/87716\/revisions"}],"wp:featuredmedia":[{"embeddable":true,"href":"https:\/\/linitiative.ca\/International\/wp-json\/"}],"wp:attachment":[{"href":"https:\/\/linitiative.ca\/International\/wp-json\/wp\/v2\/media?parent=87716"}],"wp:term":[{"taxonomy":"category","embeddable":true,"href":"https:\/\/linitiative.ca\/International\/wp-json\/wp\/v2\/categories?post=87716"},{"taxonomy":"post_tag","embeddable":true,"href":"https:\/\/linitiative.ca\/International\/wp-json\/wp\/v2\/tags?post=87716"}],"curies":[{"name":"wp","href":"https:\/\/api.w.org\/{rel}","templated":true}]}}