{"id":87718,"date":"2020-06-03T15:13:43","date_gmt":"2020-06-03T19:13:43","guid":{"rendered":"https:\/\/linitiative.ca\/International\/pros-ca-discute-toujours-entre-le-psg-et-lac-milan-pour-ismael-bennacer\/"},"modified":"2020-06-03T15:13:43","modified_gmt":"2020-06-03T19:13:43","slug":"pros-ca-discute-toujours-entre-le-psg-et-lac-milan-pour-ismael-bennacer","status":"publish","type":"post","link":"https:\/\/linitiative.ca\/International\/pros-ca-discute-toujours-entre-le-psg-et-lac-milan-pour-ismael-bennacer\/","title":{"rendered":"Pros : \u00c7a discute toujours entre le PSG et l&rsquo;AC Milan pour Isma\u00ebl Bennacer"},"content":{"rendered":"<div readability=\"32\">\n<p>Auteur : <span class=\"time\">mercredi 03 juin 2020 17:30<\/span><\/p>\n<\/div>\n<div id=\"post_core\" readability=\"53\">\n<p>Ces derniers jours, on entend beaucoup le nom de Sergej Milinkovic-Savic (25 ans, Lazio) comme cible prioritaire du Paris SG pour son entrejeu. Le Serbe n\u2019est pas le seul milieu pist\u00e9 par le club de la capitale. Leonardo souhaite en effet boucler deux renforts dans ce secteur de jeu. Isma\u00ebl Bennacer (22 ans) est l\u2019un des profils qui pla\u00eet \u00e9norm\u00e9ment au directeur sportif parisien. Une premi\u00e8re offre a d\u2019ailleurs \u00e9t\u00e9 lanc\u00e9e \u00e0 l\u2019AC Milan, aux alentours de 30 M\u20ac. Une proposition poliment refus\u00e9e par le club lombard qui, m\u00eame s\u2019il a besoin de liquidit\u00e9s, esp\u00e8re pouvoir vendre son champion d\u2019Afrique des Nations 2019 plus cher. Selon Foot Mercato, les Rossoneri ont en effet gliss\u00e9 une clause lib\u00e9ratoire de 50 M\u20ac dans le contrat du Fennec, qui court jusqu\u2019en juin 2024.<\/p>\n<p>Une clause \u00e0 50 M\u20ac<\/p>\n<p>Les discussions restent ouvertes entre les deux \u00e9curies qui savent d\u00e9sormais \u00e0 quoi s\u2019en tenir dans ce dossier, sur lequel Manchester City, o\u00f9 Pep Guardiola appr\u00e9cie ses qualit\u00e9s, garde toujours un \u0153il attentif. L\u2019international alg\u00e9rien (22 ans), pist\u00e9 par l\u2019Olympique Lyonnais avant d\u2019atterrir en Lombardie \u00e0 l\u2019\u00e9t\u00e9 2019, n\u2019entend pas se pr\u00e9cipiter. \u00a0Au sortir d&rsquo;une premi\u00e8re saison brillante sous la tunique milanaise (20 matches en Serie A), l&rsquo;ancien pensionnaire d&rsquo;Arsenal est en position de force sur le march\u00e9 et privil\u00e9giera toujours le temps de jeu propos\u00e9 \u00e0 l&rsquo;heure de faire son choix. Les donn\u00e9es du dossier sont pos\u00e9es.<\/p>\n<p><strong>Publi\u00e9 dans :<\/strong> <span>BENNACER<\/span><\/p>\n<\/div>\n<p>Auteur:<br \/>\n<a href=\"http:\/\/www.lebuteur.com\/article\/detail?titre=ca-discute-toujours-entre-le-psg-et-lac-milan-pour-ismael-bennacer&#038;id=96145&#038;utm_source=feedburner&#038;utm_medium=feed&#038;utm_campaign=Feed%3A+GalerieFArtciles+%28Les+derniers+articles++-+lebuteur.com%29\">Cliquez ici pour lire l&rsquo;article depuis sa source.<\/a><\/p>\n","protected":false},"excerpt":{"rendered":"<p>Auteur : mercredi 03 juin 2020 17:30 Ces derniers jours, on entend beaucoup le nom de Sergej Milinkovic-Savic (25 ans, Lazio) comme cible prioritaire du Paris SG pour son entrejeu. Le Serbe n\u2019est pas le seul milieu pist\u00e9 par le club de la capitale. Leonardo souhaite en effet boucler deux renforts dans ce secteur de [&hellip;]<\/p>\n","protected":false},"author":1738,"featured_media":87719,"comment_status":"closed","ping_status":"closed","sticky":false,"template":"","format":"standard","meta":{"fifu_image_url":"","fifu_image_alt":"","footnotes":""},"categories":[53,75],"tags":[],"class_list":["post-87718","post","type-post","status-publish","format-standard","has-post-thumbnail","hentry","category-algerie","category-sport"],"_links":{"self":[{"href":"https:\/\/linitiative.ca\/International\/wp-json\/wp\/v2\/posts\/87718","targetHints":{"allow":["GET"]}}],"collection":[{"href":"https:\/\/linitiative.ca\/International\/wp-json\/wp\/v2\/posts"}],"about":[{"href":"https:\/\/linitiative.ca\/International\/wp-json\/wp\/v2\/types\/post"}],"author":[{"embeddable":true,"href":"https:\/\/linitiative.ca\/International\/wp-json\/wp\/v2\/users\/1738"}],"replies":[{"embeddable":true,"href":"https:\/\/linitiative.ca\/International\/wp-json\/wp\/v2\/comments?post=87718"}],"version-history":[{"count":0,"href":"https:\/\/linitiative.ca\/International\/wp-json\/wp\/v2\/posts\/87718\/revisions"}],"wp:featuredmedia":[{"embeddable":true,"href":"https:\/\/linitiative.ca\/International\/wp-json\/"}],"wp:attachment":[{"href":"https:\/\/linitiative.ca\/International\/wp-json\/wp\/v2\/media?parent=87718"}],"wp:term":[{"taxonomy":"category","embeddable":true,"href":"https:\/\/linitiative.ca\/International\/wp-json\/wp\/v2\/categories?post=87718"},{"taxonomy":"post_tag","embeddable":true,"href":"https:\/\/linitiative.ca\/International\/wp-json\/wp\/v2\/tags?post=87718"}],"curies":[{"name":"wp","href":"https:\/\/api.w.org\/{rel}","templated":true}]}}