{"id":87720,"date":"2020-06-03T15:13:45","date_gmt":"2020-06-03T19:13:45","guid":{"rendered":"https:\/\/linitiative.ca\/International\/pros-psg-cest-non-pour-ghoulam\/"},"modified":"2020-06-03T15:13:45","modified_gmt":"2020-06-03T19:13:45","slug":"pros-psg-cest-non-pour-ghoulam","status":"publish","type":"post","link":"https:\/\/linitiative.ca\/International\/pros-psg-cest-non-pour-ghoulam\/","title":{"rendered":"Pros : PSG: C\u2019est non pour Ghoulam ?"},"content":{"rendered":"<div readability=\"32\">\n<p>Auteur : <span class=\"time\">mercredi 03 juin 2020 17:36<\/span><\/p>\n<\/div>\n<div id=\"post_core\" readability=\"44\">\n<p>Jorge Mendes a propos\u00e9 l\u2019option Faouzi Ghoulam (29 ans, Naples) au PSG. Actuellement \u00e0 la recherche d\u2019un lat\u00e9ral gauche pour pallier le d\u00e9part de Layvin Kurzawa qui arrive au terme de son contrat, Leonardo \u00e9tudie actuellement plusieurs possibilit\u00e9s et poursuit ses discussions avec le FC Porto concernant Alex Telles, sans trouver un accord pour autant. Et au cours des derniers \u00e9changes qu\u2019il a pu avoir avec Jorge Mendes, le profil de Ghoulam a \u00e9t\u00e9 propos\u00e9 au directeur sportif du PSG par l\u2019agent portugais qui g\u00e8re les int\u00e9r\u00eats du Napolitain. N\u00e9anmoins, m\u00eame si le profil du lat\u00e9ral gauche alg\u00e9rien r\u00e9unit les crit\u00e8res attendus par le PSG (joueur d\u2019exp\u00e9rience et accessible sur le plan financier), le PSG ne donnera vraisemblablement pas suite \u00e0 la piste Faouzi Ghoulam. L\u2019ancien joueur de l\u2019ASSE, et comme rapport\u00e9 par Le 10 Sport, n\u2019aurait pas retenu plus que cela l\u2019attention de Leonardo, qui continue donc \u00e0 prospecter sur le march\u00e9 pour trouver le futur concurrent de Juan Bernat au PSG.<\/p>\n<p><strong>Publi\u00e9 dans :<\/strong> <span>ghoulam<\/span><\/p>\n<\/div>\n<p>Auteur:<br \/>\n<a href=\"http:\/\/www.lebuteur.com\/article\/detail?titre=psg-cest-non-pour-ghoulam&#038;id=96146&#038;utm_source=feedburner&#038;utm_medium=feed&#038;utm_campaign=Feed%3A+GalerieFArtciles+%28Les+derniers+articles++-+lebuteur.com%29\">Cliquez ici pour lire l&rsquo;article depuis sa source.<\/a><\/p>\n","protected":false},"excerpt":{"rendered":"<p>Auteur : mercredi 03 juin 2020 17:36 Jorge Mendes a propos\u00e9 l\u2019option Faouzi Ghoulam (29 ans, Naples) au PSG. Actuellement \u00e0 la recherche d\u2019un lat\u00e9ral gauche pour pallier le d\u00e9part de Layvin Kurzawa qui arrive au terme de son contrat, Leonardo \u00e9tudie actuellement plusieurs possibilit\u00e9s et poursuit ses discussions avec le FC Porto concernant Alex [&hellip;]<\/p>\n","protected":false},"author":1738,"featured_media":87721,"comment_status":"closed","ping_status":"closed","sticky":false,"template":"","format":"standard","meta":{"fifu_image_url":"","fifu_image_alt":"","footnotes":""},"categories":[53,75],"tags":[],"class_list":["post-87720","post","type-post","status-publish","format-standard","has-post-thumbnail","hentry","category-algerie","category-sport"],"_links":{"self":[{"href":"https:\/\/linitiative.ca\/International\/wp-json\/wp\/v2\/posts\/87720","targetHints":{"allow":["GET"]}}],"collection":[{"href":"https:\/\/linitiative.ca\/International\/wp-json\/wp\/v2\/posts"}],"about":[{"href":"https:\/\/linitiative.ca\/International\/wp-json\/wp\/v2\/types\/post"}],"author":[{"embeddable":true,"href":"https:\/\/linitiative.ca\/International\/wp-json\/wp\/v2\/users\/1738"}],"replies":[{"embeddable":true,"href":"https:\/\/linitiative.ca\/International\/wp-json\/wp\/v2\/comments?post=87720"}],"version-history":[{"count":0,"href":"https:\/\/linitiative.ca\/International\/wp-json\/wp\/v2\/posts\/87720\/revisions"}],"wp:featuredmedia":[{"embeddable":true,"href":"https:\/\/linitiative.ca\/International\/wp-json\/"}],"wp:attachment":[{"href":"https:\/\/linitiative.ca\/International\/wp-json\/wp\/v2\/media?parent=87720"}],"wp:term":[{"taxonomy":"category","embeddable":true,"href":"https:\/\/linitiative.ca\/International\/wp-json\/wp\/v2\/categories?post=87720"},{"taxonomy":"post_tag","embeddable":true,"href":"https:\/\/linitiative.ca\/International\/wp-json\/wp\/v2\/tags?post=87720"}],"curies":[{"name":"wp","href":"https:\/\/api.w.org\/{rel}","templated":true}]}}