{"id":87724,"date":"2020-06-03T15:13:49","date_gmt":"2020-06-03T19:13:49","guid":{"rendered":"https:\/\/linitiative.ca\/International\/pros-guardiola-a-appele-bennacer\/"},"modified":"2020-06-03T15:13:49","modified_gmt":"2020-06-03T19:13:49","slug":"pros-guardiola-a-appele-bennacer","status":"publish","type":"post","link":"https:\/\/linitiative.ca\/International\/pros-guardiola-a-appele-bennacer\/","title":{"rendered":"Pros : Guardiola a appel\u00e9 Bennacer"},"content":{"rendered":"<div readability=\"32\">\n<p>Auteur : <span class=\"time\">mercredi 03 juin 2020 18:51<\/span><\/p>\n<\/div>\n<div id=\"post_core\" readability=\"36\">\n<p>RMC affirme ce mercredi que le milieu alg\u00e9rien de l&rsquo;AC Milan a \u00e9t\u00e9 appel\u00e9 par le manager de Manchester City en vue d&rsquo;un transfert estival. RMC ajoute que Bennacer poss\u00e8de une clause lib\u00e9ratoire de 50 millions d&rsquo;euros \u00e0 Milan et aimerait disposer de garanties sur son temps de jeu. Au moment de faire son choix, Bennacer devrait privil\u00e9gier le projet sportif \u00e0 toute consid\u00e9ration p\u00e9cuniaire toujours selon la m\u00eame source. Bennacer serait ainsi la priorit\u00e9 actuelle de Guardiola et Manchester City pr\u00e9parerait actuellement une offre en bonne et due forme rapporte Goal.<\/p>\n<p><strong>Publi\u00e9 dans :<\/strong> <span>BENNACER<\/span><\/p>\n<\/div>\n<p>Auteur:<br \/>\n<a href=\"http:\/\/www.lebuteur.com\/article\/detail?titre=guardiola-a-appele-bennacer&#038;id=96148&#038;utm_source=feedburner&#038;utm_medium=feed&#038;utm_campaign=Feed%3A+GalerieFArtciles+%28Les+derniers+articles++-+lebuteur.com%29\">Cliquez ici pour lire l&rsquo;article depuis sa source.<\/a><\/p>\n","protected":false},"excerpt":{"rendered":"<p>Auteur : mercredi 03 juin 2020 18:51 RMC affirme ce mercredi que le milieu alg\u00e9rien de l&rsquo;AC Milan a \u00e9t\u00e9 appel\u00e9 par le manager de Manchester City en vue d&rsquo;un transfert estival. RMC ajoute que Bennacer poss\u00e8de une clause lib\u00e9ratoire de 50 millions d&rsquo;euros \u00e0 Milan et aimerait disposer de garanties sur son temps de [&hellip;]<\/p>\n","protected":false},"author":1738,"featured_media":87725,"comment_status":"closed","ping_status":"closed","sticky":false,"template":"","format":"standard","meta":{"fifu_image_url":"","fifu_image_alt":"","footnotes":""},"categories":[53,75],"tags":[],"class_list":["post-87724","post","type-post","status-publish","format-standard","has-post-thumbnail","hentry","category-algerie","category-sport"],"_links":{"self":[{"href":"https:\/\/linitiative.ca\/International\/wp-json\/wp\/v2\/posts\/87724","targetHints":{"allow":["GET"]}}],"collection":[{"href":"https:\/\/linitiative.ca\/International\/wp-json\/wp\/v2\/posts"}],"about":[{"href":"https:\/\/linitiative.ca\/International\/wp-json\/wp\/v2\/types\/post"}],"author":[{"embeddable":true,"href":"https:\/\/linitiative.ca\/International\/wp-json\/wp\/v2\/users\/1738"}],"replies":[{"embeddable":true,"href":"https:\/\/linitiative.ca\/International\/wp-json\/wp\/v2\/comments?post=87724"}],"version-history":[{"count":0,"href":"https:\/\/linitiative.ca\/International\/wp-json\/wp\/v2\/posts\/87724\/revisions"}],"wp:featuredmedia":[{"embeddable":true,"href":"https:\/\/linitiative.ca\/International\/wp-json\/"}],"wp:attachment":[{"href":"https:\/\/linitiative.ca\/International\/wp-json\/wp\/v2\/media?parent=87724"}],"wp:term":[{"taxonomy":"category","embeddable":true,"href":"https:\/\/linitiative.ca\/International\/wp-json\/wp\/v2\/categories?post=87724"},{"taxonomy":"post_tag","embeddable":true,"href":"https:\/\/linitiative.ca\/International\/wp-json\/wp\/v2\/tags?post=87724"}],"curies":[{"name":"wp","href":"https:\/\/api.w.org\/{rel}","templated":true}]}}