{"id":87739,"date":"2020-06-02T19:07:53","date_gmt":"2020-06-02T23:07:53","guid":{"rendered":"https:\/\/linitiative.ca\/International\/lactiviste-islam-benattia-au-ji-nous-militons-pour-un-parti-rassembleur-du-hirak\/"},"modified":"2020-06-02T19:07:53","modified_gmt":"2020-06-02T23:07:53","slug":"lactiviste-islam-benattia-au-ji-nous-militons-pour-un-parti-rassembleur-du-hirak","status":"publish","type":"post","link":"https:\/\/linitiative.ca\/International\/lactiviste-islam-benattia-au-ji-nous-militons-pour-un-parti-rassembleur-du-hirak\/","title":{"rendered":"L&rsquo;activiste Islam Benattia au JI : \u00ab Nous militons pour un parti rassembleur du hirak \u00bb"},"content":{"rendered":"<p><br class=\"autobr\"\/><strong>La r\u00e9vision de la Constitution, aujourd\u2019hui mati\u00e8re \u00e0 d\u00e9bat, suscite diverses r\u00e9actions\u00a0parmi les acteurs de la sc\u00e8ne politique entre des partisans d\u2019une d\u00e9marche de refondation de l\u2019Etat et de sceptiques qui jugent l\u2019option aux antipodes des aspirations du hirak.<br \/>Le tr\u00e8s populaire\u00a0militant du hirak\u00a0Seif Islam Benattia a saisi cette occasion pour lancer une initiative politique qui rassemblerait, selon lui, tous les acteurs du hirak y compris ceux l\u2019ayant quitt\u00e9.<br \/>Benattia qui multiplie les sorties m\u00e9diatiques depuis le 22 f\u00e9vrier 2019, \u00e9voque dans cet entretien\u00a0accord\u00e9\u00a0au <em>Jeune Ind\u00e9pendant<\/em>\u00a0les motivations de son initiative et les actions \u00e0 venir qu\u2019il compte mener pour aboutir au changement qui traduirait les aspirations du Hirak.<br \/>Cependant, il n\u2019a pas exclu le scenario de la reprise du hirak apr\u00e8s la lev\u00e9e du confinement.<br \/>Toutefois, il a fait part de son souhait de voir le parti qu\u2019il compte lancer contribuer \u00e0 la construction d\u2019une \u00ab\u00a0Alg\u00e9rie nouvelle dans le cadre d\u2019un\u00a0dialogue\u00a0s\u00e9rieux\u00a0et\u00a0ouvert.\u00a0\u00bb<\/strong><\/p>\n<p><br class=\"autobr\"\/><strong>Le Jeune Ind\u00e9pendant\u00a0<\/strong>\u00a0: <em>En tant qu\u2019activiste\u00a0du Hirak vous avez annonc\u00e9 une\u00a0initiative politique qui rassemblerait des acteurs du Hirak. Est- ce que\u00a0vous pouvez nous dire o\u00f9 on en est\u00a0de cette\u00a0initiative et est-ce que vous envisagez\u00a0de la transformer\u00a0en parti politique\u00a0?<\/em><\/p>\n<p><strong>Islam Benattia\u00a0<\/strong>\u00a0: La r\u00e9ponse\u00a0est claire.\u00a0Notre\u00a0initiative\u00a0est\u00a0un projet\u00a0politique\u00a0et qui dit projet politique\u00a0dit parti politique d\u2019autant plus\u00a0qu\u2019il n\u2019y\u00a0a pas d\u2019autres m\u00e9thodes\u00a0pour exercer la politique\u00a0selon les lois de la r\u00e9publique qu\u2019\u00e0 travers un parti. effectivement,\u00a0nous\u00a0envisageons de transformer\u00a0notre initiative en un nouveau parti\u00a0qui \u00e9mergera\u00a0du Hirak et\u00a0cens\u00e9\u00a0adopter les\u00a0id\u00e9es\u00a0du 22 f\u00e9vrier 2019 sans\u00a0pour autant pr\u00e9tendre repr\u00e9senter le Hirak .<br \/>\u00a0<br \/><strong>LJI<\/strong>\u00a0: <em>Qu\u2019en est- il du\u00a0d\u00e9ploiement\u00a0de votre initiative\u00a0et l\u2019adh\u00e9sion de la population \u00e0 travers\u00a0les\u00a0diff\u00e9rentes\u00a0wilayas\u00a0?<\/em><\/p>\n<p><strong>Islam Benattia<\/strong>\u00a0: C\u2019est tout \u00e0 fait normal\u00a0que je n\u2019agis pas\u00a0tout seul. La d\u00e9cision a \u00e9t\u00e9 prise apr\u00e8s longue r\u00e9flexion avec plusieurs\u00a0les amis et activistes\u00a0politiques\u00a0dans\u00a0le Hirak\u00a0et que plusieurs\u00a0personnes\u00a0\u00e0 travers\u00a0plusieurs wilayas\u00a0ont adh\u00e9r\u00e9\u00a0\u00e0 ce\u00a0projet. Notre\u00a0initiative n\u2019exclut personne ni\u00a0les\u00a0gens qui ont d\u00e9cid\u00e9\u00a0de quitter le Hirak\u00a0ni ceux\u00a0qui y sont encore.<\/p>\n<blockquote readability=\"6\">\n<p><br class=\"autobr\"\/><span class=\"c5\"><strong>Notre projet\u00a0se veut un parti\u00a0rassembleur de tous les Alg\u00e9riens\u00a0qui\u00a0croient au changement et que nous pouvons faire quelque\u00a0chose\u00a0ensemble.<\/strong><\/span><\/p>\n<\/blockquote>\n<p>D\u2019ailleurs , m\u00eame\u00a0durant la p\u00e9riode\u00a0du confinement sanitaire nous\u00a0avons continu\u00e9, gr\u00e2ce\u00a0aux moyens de communication, \u00e0\u00a0d\u00e9battre\u00a0nos id\u00e9es\u00a0et \u00e0\u00a0tenir\u00a0des rencontres\u00a0virtuelles \u00e0 raison de trois fois par semaine.\u00a0L\u2019id\u00e9e\u00a0est de\u00a0formuler un projet politique\u00a0englobant\u00a0tous\u00a0les aspects li\u00e9s notre\u00a0vision\u00a0sur l\u2019Alg\u00e9rie de\u00a0demain.<\/p>\n<p><br class=\"autobr\"\/><strong>LJI<\/strong>\u00a0: <em>Quelle est votre position rapport \u00e0\u00a0la\u00a0mouture de la\u00a0Constitution\u00a0en cours de r\u00e9vision\u00a0et est \u2013ce qu\u2019elle traduit, selon vous, les aspirations du Hirak\u00a0?<\/em><\/p>\n<p><br class=\"autobr\"\/><strong>Islam Benattia\u00a0:\u00a0<\/strong> Sur ce\u00a0point\u00a0ma\u00a0position est tr\u00e8s\u00a0claire. L\u2019avant-projet\u00a0de la nouvelle\u00a0Constitution n\u2019a rien apport\u00e9\u00a0de nouveau. On s\u2019y est attach\u00e9\u00a0juste \u00e0 changer l\u2019appellation de certaines institutions. Je vous cite\u00a0\u00e0 titre\u00a0d\u2019exemple\u00a0le remplacement du Conseil constitutionnel par une cour constitutionnelle tout\u00a0en maintenant les m\u00eames\u00a0pr\u00e9rogatives.<\/p>\n<p><br class=\"autobr\"\/><br \/>\nConcernant la\u00a0s\u00e9paration des pouvoirs, nous constatons dans le\u00a0texte remis que le r\u00e9gime\u00a0politique demeure \u00ab\u00a0pr\u00e9sidentialiste\u00a0\u00bb et que nombre\u00a0d\u2019institutions restent chapeaut\u00e9es par le pr\u00e9sident\u00a0de la r\u00e9publique.<br \/>Pis encore, Nous relevons m\u00eame des contradictions\u00a0dans la mesure\u00a0o\u00f9 le chef d\u2019Etat\u00a0parle\u00a0dans son\u00a0discours\u00a0avec\u00a0les m\u00e9dias d\u2019une diminution\u00a0des pr\u00e9rogatives du\u00a0pr\u00e9sident et de la s\u00e9paration \u00ab\u00a0totale\u00a0\u00bb entre les\u00a0pouvoirs avec\u00a0une justice ind\u00e9pendante, chose\u00a0que\u00a0nous ne trouvons\u00a0pas\u00a0dans l\u2019avant-projet en question.<\/p>\n<p>D\u2019ailleurs,\u00a0il nous \u00e9t\u00e9\u00a0donn\u00e9 de constater\u00a0que dans l\u2019introduction de la mouture de constitution la commission d\u2019experts charg\u00e9e\u00a0de la r\u00e9vision de la constitution mentionne qu\u2019elle n\u2019a aucun droit de changer le r\u00e9gime politique alors le pr\u00e9sident\u00a0avait\u00a0\u00e9voqu\u00e9 dans les 54\u00a0engagements annonc\u00e9s\u00a0lors de la campagne \u00e9lectorale \u00ab\u00a0d\u2019un changement\u00a0radical\u00a0du syst\u00e8me\u00a0\u00bb.<\/p>\n<p>Cela ne pourrait que refl\u00e9ter clairement la\u00a0contradiction dont le parle et cette d\u00e9marche ne traduit pas les aspirations du mouvement populaires. Pour\u00a0le reste\u00a0des observations\u00a0\u00e0 faire\u00a0sur cette mouture, j\u2019ai \u00e9mis\u00a0mes remarques\u00a0article par article sur\u00a0ma page Facebook et exprim\u00e9\u00a0mon point\u00a0de vue en la mati\u00e8re\u00a0\u00e0 travers\u00a0les m\u00e9dias. Maintenant si ses propositions\u00a0et observations seront\u00a0prises en compte ou non, cela revient\u00a0aux seules autorit\u00e9s publiques.<\/p>\n<p><strong>LJI\u00a0<\/strong>\u00a0: <em>Est-ce\u00a0que vous\u00a0approuvez et\u00a0adh\u00e9rez \u00e0 la d\u00e9marche\u00a0du pr\u00e9sident\u00a0de la R\u00e9publique Abdelmadjid\u00a0Tebboune qu\u2019il a baptis\u00e9e\u00a0la nouvelle r\u00e9publique\u00a0?<\/em><\/p>\n<p><br class=\"autobr\"\/><strong>Islam Benattia<\/strong>\u00a0: Comment peut-on participer\u00a0ou adh\u00e9rer\u00a0\u00e0 une d\u00e9marche\u00a0o\u00f9 les d\u00e9cisions\u00a0continuerons\u00a0d\u2019\u00e9maner\u00a0d\u2019une seule partie et dans un sens unique, du\u00a0haut en bas. Nous\u00a0aimerions\u00a0bien\u00a0contribuer \u00e0 la construction d\u2019une Alg\u00e9rie nouvelle dans le cadre d\u2019un\u00a0dialogue\u00a0s\u00e9rieux\u00a0et\u00a0ouvert, cela\u00a0est\u00a0notre objectif. Mais en l\u2019absence des modalit\u00e9s\u00a0ad\u00e9quates bas\u00e9es\u00a0sur le dialogue\u00a0pour l\u2019implication des diff\u00e9rents acteurs\u00a0dans\u00a0cette\u00a0d\u00e9marche,\u00a0nous restons\u00a0dans les pratiques anciennes.<\/p>\n<p><strong>LJI<\/strong>\u00a0: <em>Avez-vous entrepris\u00a0des contrats\u00a0avec des hommes politiques pour les inviter \u00e0 se joindre \u00e0 votre initiative\u00a0et\u00a0est-ce que vous\u00a0avez contact\u00e9\u00a0les autorit\u00e9s\u00a0publiques pour\u00a0un \u00e9ventuel dialogue\u00a0au sujet du devenir\u00a0du pays\u00a0?<\/em><\/p>\n<p><br class=\"autobr\"\/><strong>Islam Benattia<\/strong>\u00a0: Certes, le dialogue\u00a0est un principe\u00a0que je n\u2019ai pas cess\u00e9\u00a0de pr\u00f4ner\u00a0depuis le 22 f\u00e9vrier 2019 et demeure la seule\u00a0solution pour la r\u00e9solution de tous les probl\u00e8mes\u00a0politique\u00a0en Alg\u00e9rie ,mais, moi en tant d\u2019activiste ind\u00e9pendant\u00a0je ne pourrais\u00a0entreprendre\u00a0l\u2019initiative d\u2019entamer un dialogue avec les autorit\u00e9s publiques et je n\u2019ai pas\u00a0\u00e9t\u00e9\u00a0contact\u00e9\u00a0par\u00a0quiconque pour\u00a0un \u00e9ventuel dialogue.\u00a0Concernant\u00a0mes contacts\u00a0avec\u00a0des personnalit\u00e9s\u00a0politiques et\u00a0des activistes\u00a0ou encore l\u2019\u00e9lite\u00a0dans les diff\u00e9rents\u00a0domaines, le travail\u00a0est toujours en cours.<\/p>\n<blockquote readability=\"6\">\n<p><br class=\"autobr\"\/><strong><span class=\"c5\">Notre projet verra\u00a0la participation des gens\u00a0issus\u00a0de divers\u00a0horizons et nous\u00a0comptons rendre\u00a0publique\u00a0la liste des adh\u00e9rents \u00e0 l\u2019initiative\u00a0au moment opportun.<\/span><\/strong><\/p>\n<\/blockquote>\n<p><br class=\"autobr\"\/><strong>LJI<\/strong>\u00a0: <em>Selon\u00a0vous, le Hirak\u00a0va-t-il reprendre la mobilisation\u00a0? et\u00a0est -ce\u00a0que\u00a0vous allez\u00a0lancer\u00a0des appels pour\u00a0que le Hirak adh\u00e8re \u00e0\u00a0la d\u00e9marche\u00a0du pr\u00e9sident\u00a0Tebboune\u00a0?<\/em><\/p>\n<p><strong>Islam Benattia<\/strong> :La reprise\u00a0du Hirak\u00a0reste la volont\u00e9\u00a0de tous\u00a0les\u00a0hirakistes et je pense\u00a0que le retour \u00e0 la mobilisation\u00a0est in\u00e9vitable au vu de l\u2019\u00e9volution des choses,\u00a0car nous ne sommes\u00a0pas\u00a0encore arriv\u00e9s\u00a0\u00e0 la satisfaction des revendications\u00a0du hirak port\u00e9es depuis le 22 f\u00e9vrier. Cela\u00a0d\u2019autant\u00a0que la mobilisation\u00a0reste le seul moyen de pression et le mouvement populaire a d\u00e9j\u00e0 fait preuve de son pacifisme. Donc la reprise\u00a0permettra d\u2019exercer une pression positive\u00a0en vue d\u2019aller vers\u00a0plus de libert\u00e9 d\u2019opinion\u00a0et\u00a0concr\u00e9tiser\u00a0le changement\u00a0aspir\u00e9.<br \/>Concernant\u00a0la\u00a0d\u00e9marche du pr\u00e9sident, Il\u00a0est\u00a0important de bien d\u00e9finir les choses.\u00a0Il y a une\u00a0diff\u00e9rence\u00a0entre ce qui se dit dans les discours et\u00a0les pratiques concr\u00e8tes.\u00a0<\/p>\n<p>Avec un champ m\u00e9diatique verrouill\u00e9 plus qu\u2019auparavant et des arrestations\u00a0qui ciblent encore les activistes\u00a0du Hirak, le climat ne permet\u00a0pas d\u2019aller vers\u00a0un dialogue serein, cela d\u2019une part, d\u2019autre part, comment voyons\u00a0nous cette nouvelle Alg\u00e9rie\u00a0?\u00a0Chacun de\u00a0nous\u00a0a sa propre vision et il n\u2019a y que le dialogue\u00a0qui\u00a0pourrait rapprocher\u00a0les visions. Je pense qu\u2019il y a des\u00a0obstacles\u00a0qui emp\u00eachent\u00a0le pr\u00e9sident d\u2019aller\u00a0plus vite\u00a0et d\u2019appliquer les promesses faites.<br \/>\u00a0<\/p>\n<p>Auteur: Kamel Mansari<br \/>\n<a href=\"http:\/\/www.jeune-independant.net\/L-activiste-Islam-Benattia-au-JI.html\">Cliquez ici pour lire l&rsquo;article depuis sa source.<\/a><\/p>\n","protected":false},"excerpt":{"rendered":"<p>La r\u00e9vision de la Constitution, aujourd\u2019hui mati\u00e8re \u00e0 d\u00e9bat, suscite diverses r\u00e9actions\u00a0parmi les acteurs de la sc\u00e8ne politique entre des partisans d\u2019une d\u00e9marche de refondation de l\u2019Etat et de sceptiques qui jugent l\u2019option aux antipodes des aspirations du hirak.Le tr\u00e8s populaire\u00a0militant du hirak\u00a0Seif Islam Benattia a saisi cette occasion pour lancer une initiative politique qui [&hellip;]<\/p>\n","protected":false},"author":1737,"featured_media":0,"comment_status":"closed","ping_status":"closed","sticky":false,"template":"","format":"standard","meta":{"fifu_image_url":"","fifu_image_alt":"","footnotes":""},"categories":[73,53],"tags":[],"class_list":["post-87739","post","type-post","status-publish","format-standard","hentry","category-actualite","category-algerie"],"_links":{"self":[{"href":"https:\/\/linitiative.ca\/International\/wp-json\/wp\/v2\/posts\/87739","targetHints":{"allow":["GET"]}}],"collection":[{"href":"https:\/\/linitiative.ca\/International\/wp-json\/wp\/v2\/posts"}],"about":[{"href":"https:\/\/linitiative.ca\/International\/wp-json\/wp\/v2\/types\/post"}],"author":[{"embeddable":true,"href":"https:\/\/linitiative.ca\/International\/wp-json\/wp\/v2\/users\/1737"}],"replies":[{"embeddable":true,"href":"https:\/\/linitiative.ca\/International\/wp-json\/wp\/v2\/comments?post=87739"}],"version-history":[{"count":0,"href":"https:\/\/linitiative.ca\/International\/wp-json\/wp\/v2\/posts\/87739\/revisions"}],"wp:attachment":[{"href":"https:\/\/linitiative.ca\/International\/wp-json\/wp\/v2\/media?parent=87739"}],"wp:term":[{"taxonomy":"category","embeddable":true,"href":"https:\/\/linitiative.ca\/International\/wp-json\/wp\/v2\/categories?post=87739"},{"taxonomy":"post_tag","embeddable":true,"href":"https:\/\/linitiative.ca\/International\/wp-json\/wp\/v2\/tags?post=87739"}],"curies":[{"name":"wp","href":"https:\/\/api.w.org\/{rel}","templated":true}]}}