{"id":87768,"date":"2020-06-03T17:01:44","date_gmt":"2020-06-03T21:01:44","guid":{"rendered":"https:\/\/linitiative.ca\/International\/tunisie-lambassade-de-tunisie-a-montreal-et-la-tunisair-organisent-un-vol-de-rapatriement-des-tunisiens\/"},"modified":"2020-06-03T17:01:44","modified_gmt":"2020-06-03T21:01:44","slug":"tunisie-lambassade-de-tunisie-a-montreal-et-la-tunisair-organisent-un-vol-de-rapatriement-des-tunisiens","status":"publish","type":"post","link":"https:\/\/linitiative.ca\/International\/tunisie-lambassade-de-tunisie-a-montreal-et-la-tunisair-organisent-un-vol-de-rapatriement-des-tunisiens\/","title":{"rendered":"Tunisie \u2013 L\u2019ambassade de Tunisie \u00e0 Montr\u00e9al et la Tunisair organisent un vol de rapatriement des tunisiens"},"content":{"rendered":"<div class=\"post-cont-in left relative\">\n<p>L\u2019ambassade de Tunisie \u00e0 Montr\u00e9al a publi\u00e9 un avis pour informer les citoyens tunisiens rest\u00e9 \u00e0 Montr\u00e9al et d\u00e9sirant rentrer en Tunisie qu\u2019un vol a \u00e9t\u00e9 programm\u00e9 en collaboration avec la <a href=\"https:\/\/www.tunisienumerique.com\/tunisie-actualite\/Tunisair\/\" title=\"Tunisair\" target=\"_top\" class=\"auto-link\" rel=\"noopener noreferrer\">Tunisair<\/a> et qui d\u00e9collera de Montr\u00e9al, ce dimanche 7 juin.<\/p>\n<div class=\"code-block code-block-1 c3\"><ins class=\"adsbygoogle c2\" data-ad-layout=\"in-article\" data-ad-format=\"fluid\" data-ad-client=\"ca-pub-2102118777505746\" data-ad-slot=\"7301775417\"\/> <\/div>\n<p>Ci apr\u00e8s le texte de l\u2019avis\u00a0:<\/p>\n<p><em>Avis important<\/em><\/p>\n<p><em>Vol de rapatriement<br \/>Montr\u00e9al \u2013 Tunis<br \/>Dimanche 7 juin 2020<br \/>14h15<br \/>L\u2019ambassade informe les tunisiens d\u00e9tenteurs de visa visiteur , de visa \u00e9tudiant et de visa travailleur (arriv\u00e9e r\u00e9cente au Canada),qui ont fait une demande \u00e9crite de rapatriement aupr\u00e8s de ses services , qu\u2019ils peuvent acheter leurs billets pour prendre le vol Montreal -Tunis du dimanche 7 juin 2020, \u00e0 14h15 et ce , dans la limite des places disponibles.<\/em><\/p>\n<p><em>Il est \u00e0 rappeler que :<\/em><\/p>\n<p><em>1-Seuls les voyageurs qui ne pr\u00e9sentent pas de sympt\u00f4mes li\u00e9s \u00e0 la COVID-19, seront admis \u00e0 bord.<br \/>2- Les passagers doivent avoir des masques de protection<br \/>3-Tous les voyageurs seront soumis \u00e0 des proc\u00e9dures strictes de confinement \u00e0 leur arriv\u00e9e en Tunisie tel que mentionn\u00e9 dans le dernier communiqu\u00e9 du minist\u00e8re du transport publi\u00e9 hier sur la page fb de l\u2019ambassade.<\/em><\/p>\n<p><em>TUNISAIR informe les voyageurs \u00e9ligibles, que pour la confirmation de leur r\u00e9servation ou l\u2019achat d\u2019un nouveau billet, ils peuvent contacter directement l\u2019agence Tunisair \u00e0 Montr\u00e9al aux num\u00e9ros suivants:<br \/>\u2013 514 282 0202 Ext: 200 ou 201<br \/>\u2013 Courriel : <a href=\"\/cdn-cgi\/l\/email-protection\" class=\"__cf_email__\" data-cfemail=\"b1f0d6d4dfd2d4dcdedfc5c3d4d0ddf1c5c4dfd8c2d0d8c39fd2dedc9fc5df\">[email\u00a0protected]<\/a><\/em><\/p>\n<div class=\"swp_social_panel swp_horizontal_panel swp_flat_fresh swp_default_full_color swp_individual_full_color swp_other_full_color scale-100 scale-\" data-min-width=\"1100\" data-float-color=\"#ffffff\" data-float=\"bottom\" data-float-mobile=\"bottom\" data-transition=\"slide\">\n<div class=\"nc_tweetContainer swp_share_button total_shares total_sharesalt\"><span class=\"swp_count\">1 <span class=\"swp_label\">Partages<\/span><\/span><\/div>\n<\/div>\n<p><strong>Que se passe-t-il en Tunisie?<\/strong><br \/>Nous expliquons sur notre <a href=\"https:\/\/www.youtube.com\/channel\/UCRzypVq0B_yBad5eGrwBx0Q?sub_confirmation=1\" target=\"_blank\" rel=\"noopener noreferrer\">cha\u00eene YouTube<\/a> . <a href=\"https:\/\/www.youtube.com\/channel\/UCRzypVq0B_yBad5eGrwBx0Q?sub_confirmation=1\" target=\"_blank\" rel=\"noopener noreferrer\">Abonnez-vous!<\/a><\/p>\n<div class=\"mvp-org-wrap mvp-org-logo\" itemprop=\"publisher\" itemscope=\"\" itemtype=\"https:\/\/schema.org\/Organization\"><img decoding=\"async\" src=\"https:\/\/www.tunisienumerique.com\/wp-content\/uploads\/2017\/02\/logo_tunisie_numerique.png\"\/><\/div>\n<div class=\"mvp-related-posts left relative\">\n<h4 class=\"post-header\"><span class=\"post-header\">Lire aussi<\/span><\/h4>\n<\/div>\n<div id=\"article-ad\"><ins class=\"adsbygoogle c4\" data-ad-client=\"ca-pub-2102118777505746\" data-ad-slot=\"6513972734\" data-ad-format=\"auto\" data-full-width-responsive=\"true\"\/> <\/div>\n<\/div>\n<div id=\"post-sidebar-wrap\"><ins class=\"adsbygoogle c4\" data-ad-client=\"ca-pub-2102118777505746\" data-ad-slot=\"6168283410\" data-ad-format=\"auto\" data-full-width-responsive=\"true\"\/> <\/div>\n<p>Auteur: LM<br \/>\n<a href=\"https:\/\/www.tunisienumerique.com\/tunisie-lambassade-de-tunisie-a-montreal-et-la-tunisair-organisent-un-vol-de-rapatriement-des-tunisiens\/\">Cliquez ici pour lire l&rsquo;article depuis sa source.<\/a><\/p>\n","protected":false},"excerpt":{"rendered":"<p>L\u2019ambassade de Tunisie \u00e0 Montr\u00e9al a publi\u00e9 un avis pour informer les citoyens tunisiens rest\u00e9 \u00e0 Montr\u00e9al et d\u00e9sirant rentrer en Tunisie qu\u2019un vol a \u00e9t\u00e9 programm\u00e9 en collaboration avec la Tunisair et qui d\u00e9collera de Montr\u00e9al, ce dimanche 7 juin. Ci apr\u00e8s le texte de l\u2019avis\u00a0: Avis important Vol de rapatriementMontr\u00e9al \u2013 TunisDimanche 7 [&hellip;]<\/p>\n","protected":false},"author":1789,"featured_media":87769,"comment_status":"closed","ping_status":"closed","sticky":false,"template":"","format":"standard","meta":{"fifu_image_url":"","fifu_image_alt":"","footnotes":""},"categories":[73,55],"tags":[],"class_list":["post-87768","post","type-post","status-publish","format-standard","has-post-thumbnail","hentry","category-actualite","category-tunisie"],"_links":{"self":[{"href":"https:\/\/linitiative.ca\/International\/wp-json\/wp\/v2\/posts\/87768","targetHints":{"allow":["GET"]}}],"collection":[{"href":"https:\/\/linitiative.ca\/International\/wp-json\/wp\/v2\/posts"}],"about":[{"href":"https:\/\/linitiative.ca\/International\/wp-json\/wp\/v2\/types\/post"}],"author":[{"embeddable":true,"href":"https:\/\/linitiative.ca\/International\/wp-json\/wp\/v2\/users\/1789"}],"replies":[{"embeddable":true,"href":"https:\/\/linitiative.ca\/International\/wp-json\/wp\/v2\/comments?post=87768"}],"version-history":[{"count":0,"href":"https:\/\/linitiative.ca\/International\/wp-json\/wp\/v2\/posts\/87768\/revisions"}],"wp:featuredmedia":[{"embeddable":true,"href":"https:\/\/linitiative.ca\/International\/wp-json\/"}],"wp:attachment":[{"href":"https:\/\/linitiative.ca\/International\/wp-json\/wp\/v2\/media?parent=87768"}],"wp:term":[{"taxonomy":"category","embeddable":true,"href":"https:\/\/linitiative.ca\/International\/wp-json\/wp\/v2\/categories?post=87768"},{"taxonomy":"post_tag","embeddable":true,"href":"https:\/\/linitiative.ca\/International\/wp-json\/wp\/v2\/tags?post=87768"}],"curies":[{"name":"wp","href":"https:\/\/api.w.org\/{rel}","templated":true}]}}