{"id":87784,"date":"2020-06-03T17:18:07","date_gmt":"2020-06-03T21:18:07","guid":{"rendered":"https:\/\/linitiative.ca\/International\/covid-19-plus-de-2500-entites-ont-deja-beneficie-du-fonds-dappui-au-secteur-informel\/"},"modified":"2020-06-03T17:18:07","modified_gmt":"2020-06-03T21:18:07","slug":"covid-19-plus-de-2500-entites-ont-deja-beneficie-du-fonds-dappui-au-secteur-informel","status":"publish","type":"post","link":"https:\/\/linitiative.ca\/International\/covid-19-plus-de-2500-entites-ont-deja-beneficie-du-fonds-dappui-au-secteur-informel\/","title":{"rendered":"Covid-19: plus de 2500 entit\u00e9s ont d\u00e9j\u00e0 b\u00e9n\u00e9fici\u00e9 du Fonds d\u2019appui au secteur informel"},"content":{"rendered":"<div readability=\"32\">\n<p>Publi\u00e9 le 03.06.2020 \u00e0 22h18 par APA News<\/p>\n<\/div>\n<div readability=\"87\">\n<p>Quelque 2779 entit\u00e9s ont d\u00e9j\u00e0 \u00e9t\u00e9 admises pour b\u00e9n\u00e9ficier du Fonds d\u2019appui au secteur informel (FASI) mis en place par les autorit\u00e9s ivoiriennes pour accompagner les acteurs de ce secteur contre la Covid-19, a appris APA mercredi sur place dans la capitale \u00e9conomique ivoirienne.\u00ab Apres une vague de 1260 b\u00e9n\u00e9ficiaires et une autre de 1.119, le vendredi 22 mai dernier, une troisi\u00e8me vague de 400 b\u00e9n\u00e9ficiaires ont touch\u00e9 leur ch\u00e8que le 29 mai, portant ainsi le nombre \u00e0 2779 \u00bb, indique une note d\u2019information qui rapporte ainsi une rencontre entre Ogui\u00e9 Sain, le pr\u00e9sident du Comit\u00e9 de gestion du FASI et les acteurs du secteur informel dans le cadre de la 5\u00e8me r\u00e9union hebdomadaire du Comit\u00e9 paritaire technique sur la Covid-19.<\/p>\n<p>\u00ab Dans le cadre de la phase transitoire qui porte sur un montant de 10 milliards FCFA, repr\u00e9sentant 10% de la dotation de ce fonds, le mode financier retenu est celui de la subvention forfaitaire. Les montants attribu\u00e9s ont \u00e9t\u00e9 fix\u00e9s \u00e0 un maximum de 300 000 FCFA par acteur du secteur informel. A l\u2019int\u00e9rieur, quelques d\u00e9clinaisons sectorielles ont \u00e9t\u00e9 faites avec des \u00e9tages de 200 000 FCFA et de 300 000 FCFA \u00bb, a pr\u00e9cis\u00e9 \u00a0M. Ogui\u00e9 \u00a0soulignant que sur cette base au minimum 33 000 acteurs du secteur informel seront pris en compte.<\/p>\n<p>\u00a0Poursuivant, le pr\u00e9sident du FASI a d\u00e9voil\u00e9 au secteur priv\u00e9 l\u2019ensemble \u00a0des crit\u00e8res pour b\u00e9n\u00e9ficier de ce fonds. \u00a0Ces crit\u00e8res pour b\u00e9n\u00e9ficier de cette subvention sont \u00a0entre autres, \u00a0d\u2019\u00eatre du secteur informel et pr\u00e9alablement reconnu comme tel, \u00a0prouver que l\u2019on est un acteur impact\u00e9 n\u00e9gativement par la crise \u00e0 travers une baisse du chiffre d\u2019affaires ou des recettes.<\/p>\n<p>Le postulant, a ajout\u00e9 \u00a0M. Ogui\u00e9, doit justifier du paiement de taxes au niveau des collectivit\u00e9s d\u00e9centralis\u00e9es, disposer de justificatifs prouvant l\u2019existence de l\u2019activit\u00e9 avant la pand\u00e9mie et avoir un plan viable de maintien ou de relance de l\u2019activit\u00e9. \u00a0<\/p>\n<p>Selon lui, l\u2019enjeu vis\u00e9 par la mise en place de fonds est d\u2019arriver \u00e0 la formalisation des entreprises du secteur informel.<\/p>\n<p>\u00a0\u00ab L\u2019objectif final de cette action, c\u2019est la modernisation de l\u2019\u00e9conomie. Et celle-ci suppose le recul de ce qui est informel afin d\u2019arriver \u00e0 une part beaucoup plus importante de ce secteur dans l\u2019\u00e9conomie nationale. C\u2019est en cela que le Fonds d\u2019appui au secteur informel vient comme une opportunit\u00e9 pour atteindre cet objectif \u00bb, a-t-il expliqu\u00e9.<\/p>\n<p>\u00a0En retour, \u00a0les acteurs du secteur priv\u00e9 pr\u00e9sents ont souhait\u00e9 que les entreprises qui ne pourraient pas b\u00e9n\u00e9ficier des fonds des PME soient imm\u00e9diatement prises en compte dans le cadre du FASI.\u00a0<\/p>\n<p>Le gouvernement ivoirien dans le cadre de la mise en \u0153uvre de sa strat\u00e9gie de riposte \u00e0 la pand\u00e9mie de la Covid-19, a pris des mesures de soutien \u00a0 aux acteurs \u00e9conomiques afin de maintenir l\u2019activit\u00e9 \u00e9conomique et d\u2019assurer sa relance \u00a0en pr\u00e9servant l\u2019outil de production \u00a0\u00e9conomique et les emplois.<\/p>\n<\/div>\n<p>Auteur: APA News<br \/>\n<a href=\"https:\/\/www.journalducameroun.com\/covid-19-plus-de-2500-entites-ont-deja-beneficie-du-fonds-dappui-au-secteur-informel\/\">Cliquez ici pour lire l&rsquo;article depuis sa source.<\/a><\/p>\n","protected":false},"excerpt":{"rendered":"<p>Publi\u00e9 le 03.06.2020 \u00e0 22h18 par APA News Quelque 2779 entit\u00e9s ont d\u00e9j\u00e0 \u00e9t\u00e9 admises pour b\u00e9n\u00e9ficier du Fonds d\u2019appui au secteur informel (FASI) mis en place par les autorit\u00e9s ivoiriennes pour accompagner les acteurs de ce secteur contre la Covid-19, a appris APA mercredi sur place dans la capitale \u00e9conomique ivoirienne.\u00ab Apres une vague [&hellip;]<\/p>\n","protected":false},"author":1965,"featured_media":0,"comment_status":"closed","ping_status":"closed","sticky":false,"template":"","format":"standard","meta":{"fifu_image_url":"","fifu_image_alt":"","footnotes":""},"categories":[73,82],"tags":[],"class_list":["post-87784","post","type-post","status-publish","format-standard","hentry","category-actualite","category-cameroun"],"_links":{"self":[{"href":"https:\/\/linitiative.ca\/International\/wp-json\/wp\/v2\/posts\/87784","targetHints":{"allow":["GET"]}}],"collection":[{"href":"https:\/\/linitiative.ca\/International\/wp-json\/wp\/v2\/posts"}],"about":[{"href":"https:\/\/linitiative.ca\/International\/wp-json\/wp\/v2\/types\/post"}],"author":[{"embeddable":true,"href":"https:\/\/linitiative.ca\/International\/wp-json\/wp\/v2\/users\/1965"}],"replies":[{"embeddable":true,"href":"https:\/\/linitiative.ca\/International\/wp-json\/wp\/v2\/comments?post=87784"}],"version-history":[{"count":0,"href":"https:\/\/linitiative.ca\/International\/wp-json\/wp\/v2\/posts\/87784\/revisions"}],"wp:attachment":[{"href":"https:\/\/linitiative.ca\/International\/wp-json\/wp\/v2\/media?parent=87784"}],"wp:term":[{"taxonomy":"category","embeddable":true,"href":"https:\/\/linitiative.ca\/International\/wp-json\/wp\/v2\/categories?post=87784"},{"taxonomy":"post_tag","embeddable":true,"href":"https:\/\/linitiative.ca\/International\/wp-json\/wp\/v2\/tags?post=87784"}],"curies":[{"name":"wp","href":"https:\/\/api.w.org\/{rel}","templated":true}]}}