{"id":87785,"date":"2020-06-03T17:18:11","date_gmt":"2020-06-03T21:18:11","guid":{"rendered":"https:\/\/linitiative.ca\/International\/afsud-les-regles-du-confinement-jugees-invalides-et-inconstitutionnelles-tribunal\/"},"modified":"2020-06-03T17:18:11","modified_gmt":"2020-06-03T21:18:11","slug":"afsud-les-regles-du-confinement-jugees-invalides-et-inconstitutionnelles-tribunal","status":"publish","type":"post","link":"https:\/\/linitiative.ca\/International\/afsud-les-regles-du-confinement-jugees-invalides-et-inconstitutionnelles-tribunal\/","title":{"rendered":"AfSud : les r\u00e8gles du confinement jug\u00e9es \u00ab\u00a0invalides\u00a0\u00bb et \u00ab\u00a0inconstitutionnelles\u00a0\u00bb (Tribunal)"},"content":{"rendered":"<div readability=\"32\">\n<p>Publi\u00e9 le 03.06.2020 \u00e0 22h18 par APA News<\/p>\n<\/div>\n<div readability=\"75\">\n<p>Dans une d\u00e9cision surprenante contre le gouvernement sud-africain, la Haute Cour du pays a d\u00e9clar\u00e9 mercredi que les r\u00e8gles actuelles de confinement du fait de la pand\u00e9mie de Covid-19 qui sont mises en vigueur depuis mars \u00e9taient \u00ab\u00a0invalides et inconstitutionnelles\u00a0\u00bb.La d\u00e9cision \u00e9tait une r\u00e9ponse \u00e0 une plainte de Reyno De Beer et de son organisation non gouvernementale appel\u00e9e Liberty Fighters Network, qui a d\u00e9clar\u00e9 au tribunal que le confinement \u00e9tait inconstitutionnel et devait \u00eatre invalid\u00e9.<\/p>\n<p>En audience \u00e0 Pretoria, la Haute Cour a d\u00e9clar\u00e9 que les r\u00e8gles de confinement cens\u00e9es contenir la pand\u00e9mie devraient \u00eatre abandonn\u00e9es jusqu\u2019\u00e0 ce que Pretoria ait \u00e9labor\u00e9 de nouvelles r\u00e8gles qui respectent les droits civiques du peuple.<\/p>\n<p>Le tribunal a toutefois accord\u00e9 au gouvernement un soulagement temporaire en suspendant la d\u00e9claration contre l\u2019administration pendant deux semaines.<\/p>\n<p>Cela signifie que les r\u00e8gles actuelles de confinement resteront en vigueur pour le moment, a d\u00e9clar\u00e9 le tribunal.<\/p>\n<p>En outre, le tribunal a ordonn\u00e9 aux membres du National Coronavirus Command Council, dirig\u00e9 par le pr\u00e9sident Cyril Ramaphosa, de modifier les r\u00e8gles de confinement et de les aligner sur la D\u00e9claration des droits du pays, qui fait partie des lois de la Constitution.<\/p>\n<p>Le tribunal a ajout\u00e9 : \u00ab\u00a0La d\u00e9claration d\u2019invalidit\u00e9 (des r\u00e8gles de confinement) est suspendue jusqu\u2019\u00e0 ce que le ministre, apr\u00e8s consultation avec les ministres concern\u00e9s, examine, modifie et publie le r\u00e8glement \u00e0 nouveau\u00a0\u00bb.<\/p>\n<p>Cela devrait \u00eatre fait \u00ab\u00a0en tenant d\u00fbment compte de la limitation de chaque r\u00e8glement aux droits garantis dans la D\u00e9claration des droits contenue dans la Constitution\u00a0\u00bb, a d\u00e9clar\u00e9 la cour.<\/p>\n<p>De Beer a estim\u00e9 que la d\u00e9cision \u00e9tait \u00ab\u00a0une victoire pour tous les Sud-Africains\u00a0\u00bb. Pretoria a \u00e9galement \u00e9t\u00e9 condamn\u00e9e \u00e0 payer des frais de justice \u00e0 De Beer en tant que plaignante.<\/p>\n<p>En r\u00e9ponse \u00e0 la d\u00e9cision, le gouvernement a d\u00e9clar\u00e9 qu\u2019il ferait conna\u00eetre son point de vue apr\u00e8s avoir \u00e9tudi\u00e9 en profondeur le jugement de revers.<\/p>\n<\/div>\n<p>Auteur: APA News<br \/>\n<a href=\"https:\/\/www.journalducameroun.com\/afsud-les-regles-du-confinement-jugees-invalides-et-inconstitutionnelles-tribunal\/\">Cliquez ici pour lire l&rsquo;article depuis sa source.<\/a><\/p>\n","protected":false},"excerpt":{"rendered":"<p>Publi\u00e9 le 03.06.2020 \u00e0 22h18 par APA News Dans une d\u00e9cision surprenante contre le gouvernement sud-africain, la Haute Cour du pays a d\u00e9clar\u00e9 mercredi que les r\u00e8gles actuelles de confinement du fait de la pand\u00e9mie de Covid-19 qui sont mises en vigueur depuis mars \u00e9taient \u00ab\u00a0invalides et inconstitutionnelles\u00a0\u00bb.La d\u00e9cision \u00e9tait une r\u00e9ponse \u00e0 une plainte [&hellip;]<\/p>\n","protected":false},"author":1965,"featured_media":0,"comment_status":"closed","ping_status":"closed","sticky":false,"template":"","format":"standard","meta":{"fifu_image_url":"","fifu_image_alt":"","footnotes":""},"categories":[73,82],"tags":[],"class_list":["post-87785","post","type-post","status-publish","format-standard","hentry","category-actualite","category-cameroun"],"_links":{"self":[{"href":"https:\/\/linitiative.ca\/International\/wp-json\/wp\/v2\/posts\/87785","targetHints":{"allow":["GET"]}}],"collection":[{"href":"https:\/\/linitiative.ca\/International\/wp-json\/wp\/v2\/posts"}],"about":[{"href":"https:\/\/linitiative.ca\/International\/wp-json\/wp\/v2\/types\/post"}],"author":[{"embeddable":true,"href":"https:\/\/linitiative.ca\/International\/wp-json\/wp\/v2\/users\/1965"}],"replies":[{"embeddable":true,"href":"https:\/\/linitiative.ca\/International\/wp-json\/wp\/v2\/comments?post=87785"}],"version-history":[{"count":0,"href":"https:\/\/linitiative.ca\/International\/wp-json\/wp\/v2\/posts\/87785\/revisions"}],"wp:attachment":[{"href":"https:\/\/linitiative.ca\/International\/wp-json\/wp\/v2\/media?parent=87785"}],"wp:term":[{"taxonomy":"category","embeddable":true,"href":"https:\/\/linitiative.ca\/International\/wp-json\/wp\/v2\/categories?post=87785"},{"taxonomy":"post_tag","embeddable":true,"href":"https:\/\/linitiative.ca\/International\/wp-json\/wp\/v2\/tags?post=87785"}],"curies":[{"name":"wp","href":"https:\/\/api.w.org\/{rel}","templated":true}]}}