{"id":87786,"date":"2020-06-03T10:35:37","date_gmt":"2020-06-03T14:35:37","guid":{"rendered":"https:\/\/linitiative.ca\/International\/la-ville-de-douala-en-croisade-contre-le-coronavirus\/"},"modified":"2020-06-03T10:35:37","modified_gmt":"2020-06-03T14:35:37","slug":"la-ville-de-douala-en-croisade-contre-le-coronavirus","status":"publish","type":"post","link":"https:\/\/linitiative.ca\/International\/la-ville-de-douala-en-croisade-contre-le-coronavirus\/","title":{"rendered":"La ville de Douala en croisade contre le coronavirus"},"content":{"rendered":"<p>Ce mardi 2 juin 2020, le Maire de la ville de Douala, Roger Mbassa Ndine, a effectu\u00e9 un round up de distribution de produits de lutte contre le covid-19 dans plusieurs \u00e9tablissements scolaires de la ville de Douala. Il s\u2019agit des lyc\u00e9es de New-Bell, Oyack, Deido, polyvalent de Bonaberi et au lyc\u00e9e de Makepe. Cette action engag\u00e9e aupr\u00e8s des \u00e9l\u00e8ves, lyc\u00e9ens et du personnel enseignant vise d\u2019apr\u00e8s le magistrat municipal, \u00e0 \u00abarr\u00eater la recrudescence de la contamination dans la ville de Douala \u00bb. La courbe de propagation du covid-19 conna\u00eet en effet une mont\u00e9e fulgurante depuis son apparition dans la capitale \u00e9conomique.<\/p>\n<p class=\"has-background has-very-light-gray-background-color c2\">&gt;&gt;<strong>Lire aussi-<a href=\"https:\/\/ecomatin.net\/covid-19-le-soutien-de-lunicef-a-la-ville-de-douala\/\">Covid-19 : le soutien de l\u2019Unicef \u00e0 la ville de Douala<\/a><\/strong><\/p>\n<p>La situation \u00e9pid\u00e9miologique dans la ville de Douala et sa r\u00e9gion a \u00e9t\u00e9 dress\u00e9e ce 29 mai 2020 par le Dr J\u00e9r\u00e9mie Sole, 1er adjoint au maire de Douala et coordonnateur du plan de riposte contre le corona virus dans cette ville. Au total, 5642 personnes ont \u00e9t\u00e9 test\u00e9es principalement \u00e0 Douala au 29 mai 2020 dans les 11 centres de sant\u00e9 du Wouri (Dibombari, Bonassama, Manoka, Deido, New-Bell, Boko, Logbaba, Nylon, Japoma, Bangue, et Cit\u00e9 des palmiers). 1431 cas ont \u00e9t\u00e9 d\u00e9clar\u00e9s positifs (25,36%). Le district de sant\u00e9 de Bangue (Lendi, Bonamoussadi, Makape etc\u2026. ) est en t\u00eate pour ce qui est de la propagation du virus, suivi des centres de Deido et New-Bell. D\u2019apr\u00e8s le Dr. J\u00e9r\u00e9mie Sole, la tranche d\u2019\u00e2ge contamin\u00e9e varie entre 30 et 39 ans (un seul vas de covid-19 \u00e2g\u00e9 de 4 ans a \u00e9t\u00e9 enregistr\u00e9). La situation \u00e9pid\u00e9miologique de Douala et sa r\u00e9gion d\u00e9voil\u00e9e au 29 mai 2020 correspond officiellement au 62\u00e8me jour d\u2019activit\u00e9 virale dans cette partie du pays. Les m\u00eames chiffres affichent 65 personnels de sant\u00e9 infect\u00e9s (4,54%).<\/p>\n<p><strong>Prise en charge<\/strong><\/p>\n<p>Au 29 mai 2020, 71 malades ont succomb\u00e9 au covid-19 dans la capitale \u00e9conomique du Cameroun, soit un taux de l\u00e9talit\u00e9 global de 4,26% \u00abil s\u2019agit des d\u00e9c\u00e8s confirm\u00e9s apr\u00e8s tests positifs\u00bb, d\u00e9clare J\u00e9r\u00e9mie Sole. Dans le registre des alertes covid-19 au sein de la population, 4849 appels ont \u00e9t\u00e9 enregistr\u00e9s au 29 mai 2020 \u00ab4412 ont \u00e9t\u00e9 investigu\u00e9s et le nombre de morts suit les contamin\u00e9s\u00bb. Le maire de Douala a par ailleurs tenu \u00e0 souligner sa grande inqui\u00e9tude face \u00abau rel\u00e2chement des populations dans le respect des mesures barri\u00e8res au corona virus\u00bb. Des sc\u00e8nes de surcharge dans les taxis et sur motos, non-port de masque facial, violation des r\u00e8gles de distanciation, absence de dispositif de lavage de mais dans les lieux de commerce sont l\u00e9gions dans tous les quartiers de la capitale \u00e9conomique du Cameroun.<\/p>\n<p>Sur son compte twitter, le ministre de la sant\u00e9 publique a annonc\u00e9 l\u2019op\u00e9rationnalit\u00e9 des centres de prise en charge des patients atteints de Covid-19 dans la ville de Douala. \u00ab\u00a0Yassa en tant que centre sp\u00e9cialis\u00e9 COVID-19, vient de recevoir son 1<sup>er<\/sup> patient, pour une capacit\u00e9 totale am\u00e9nag\u00e9e de 350 lits\u00a0\u00bb a \u00e9crit le Dr Manaouda Malachie.\u00a0 La ville dispose aujourd\u2019hui de trois centres de prise en charge des patients du covid-19 agr\u00e9\u00e9s. Il s\u2019agit de l\u2019h\u00f4pital Laquintinie de Douala, l\u2019h\u00f4pital gyn\u00e9co-obst\u00e9trique, et l\u2019h\u00f4pital g\u00e9n\u00e9ral de Douala. Les logements sociaux de Yassa et le stade Mbappe Leppe de Douala ont \u00e9t\u00e9 transform\u00e9s par arr\u00eat\u00e9 du 20 avril 2020 en centre de prises en charge sp\u00e9ciaux.<\/p>\n<p>Le ministre a par ailleurs tenu \u00e0 annoncer \u00e0 l\u2019opinion publique que des propositions ont \u00e9t\u00e9 faites au Premier Ministre pour que 5 autres cliniques de la capitale \u00e9conomique puissent prendre en charge des cas de patients test\u00e9s positifs. Le Maire de Douala quant \u00e0 lui poursuit la sensibilisation et recommande le strict respect des gestes barri\u00e8re, ainsi que l\u2019observance scrupuleuse des mesures gouvernementales de lutte contre le covid-19.<\/p>\n<p class=\"has-background has-very-light-gray-background-color\">&gt;<strong>&gt;Lire aussi-<a href=\"https:\/\/ecomatin.net\/sabc-lance-un-programme-de-lavage-des-mains-dans-les-marches\/\">Sabc lance un programme de lavage des mains dans les march\u00e9s<\/a><\/strong><\/p>\n<div class=\"awac-wrapper awac widget posts-list-widget-11\">\n<h4 class=\"widget-title\">Le plus r\u00e9cent<\/h4>\n<\/div>\n<p>Auteur: EcoMatin<br \/>\n<a href=\"https:\/\/ecomatin.net\/la-ville-de-douala-en-croisade-contre-le-coronavirus\/\">Cliquez ici pour lire l&rsquo;article depuis sa source.<\/a><\/p>\n","protected":false},"excerpt":{"rendered":"<p>Ce mardi 2 juin 2020, le Maire de la ville de Douala, Roger Mbassa Ndine, a effectu\u00e9 un round up de distribution de produits de lutte contre le covid-19 dans plusieurs \u00e9tablissements scolaires de la ville de Douala. Il s\u2019agit des lyc\u00e9es de New-Bell, Oyack, Deido, polyvalent de Bonaberi et au lyc\u00e9e de Makepe. Cette [&hellip;]<\/p>\n","protected":false},"author":1969,"featured_media":0,"comment_status":"closed","ping_status":"closed","sticky":false,"template":"","format":"standard","meta":{"fifu_image_url":"","fifu_image_alt":"","footnotes":""},"categories":[82,78],"tags":[],"class_list":["post-87786","post","type-post","status-publish","format-standard","hentry","category-cameroun","category-economie"],"_links":{"self":[{"href":"https:\/\/linitiative.ca\/International\/wp-json\/wp\/v2\/posts\/87786","targetHints":{"allow":["GET"]}}],"collection":[{"href":"https:\/\/linitiative.ca\/International\/wp-json\/wp\/v2\/posts"}],"about":[{"href":"https:\/\/linitiative.ca\/International\/wp-json\/wp\/v2\/types\/post"}],"author":[{"embeddable":true,"href":"https:\/\/linitiative.ca\/International\/wp-json\/wp\/v2\/users\/1969"}],"replies":[{"embeddable":true,"href":"https:\/\/linitiative.ca\/International\/wp-json\/wp\/v2\/comments?post=87786"}],"version-history":[{"count":0,"href":"https:\/\/linitiative.ca\/International\/wp-json\/wp\/v2\/posts\/87786\/revisions"}],"wp:attachment":[{"href":"https:\/\/linitiative.ca\/International\/wp-json\/wp\/v2\/media?parent=87786"}],"wp:term":[{"taxonomy":"category","embeddable":true,"href":"https:\/\/linitiative.ca\/International\/wp-json\/wp\/v2\/categories?post=87786"},{"taxonomy":"post_tag","embeddable":true,"href":"https:\/\/linitiative.ca\/International\/wp-json\/wp\/v2\/tags?post=87786"}],"curies":[{"name":"wp","href":"https:\/\/api.w.org\/{rel}","templated":true}]}}